{"id":90090,"date":"2026-02-24T14:14:58","date_gmt":"2026-02-24T11:14:58","guid":{"rendered":"https:\/\/www.egemtv.com\/?p=90090"},"modified":"2026-02-24T14:14:59","modified_gmt":"2026-02-24T11:14:59","slug":"karsiyaka-belediyesinde-maas-alamayan-isciler-sokaga-dokuldu","status":"publish","type":"post","link":"https:\/\/www.egemtv.com\/?p=90090","title":{"rendered":"Kar\u015f\u0131yaka Belediyesinde maa\u015f alamayan i\u015f\u00e7iler soka\u011fa d\u00f6k\u00fcld\u00fc"},"content":{"rendered":"<p>Kar\u015f\u0131yaka Belediyesi b\u00fcnyesinde \u00e7al\u0131\u015fan i\u015f\u00e7iler, 7 ayd\u0131r s\u00fcregelen maa\u015f krizi nedeniyle Kar\u015f\u0131yaka \u00c7ar\u015f\u0131s\u0131\u2019nda y\u00fcr\u00fcy\u00fc\u015f d\u00fczenledi. Haz\u0131rlad\u0131klar\u0131 bildirileri halka ve esnafa da\u011f\u0131tan belediye emek\u00e7ileri, biriken alacaklar\u0131n\u0131n tek seferde \u00f6denmesini talep ederek seslerini duyurmaya \u00e7al\u0131\u015ft\u0131. Belediye i\u015f\u00e7ilerinin ekonomik durumlar\u0131n\u0131 bildikleri i\u00e7in art\u0131k ev sahiplerinin ev bile kiraya vermedi\u011fine de\u011finen D\u0130SK\/Genel-\u0130\u015f \u0130zmir 10 No\u2019lu \u015eube Ba\u015fkan\u0131 Ferit Akdo\u011fan, sorunun acil olarak \u00e7\u00f6z\u00fclmesi gerekti\u011fine vurgu yapt\u0131.<br \/>\n<br \/>Kar\u015f\u0131yaka Belediyesi i\u015ftiraki Kent A\u015e. b\u00fcnyesinde, 7 ayd\u0131r maa\u015flar\u0131n\u0131 ya hi\u00e7 alamayan ya da par\u00e7a par\u00e7a alan i\u015f\u00e7iler, \u00f6\u011fle saatlerinde Kar\u015f\u0131yaka \u00c7ar\u015f\u0131s\u0131\u2019nda bir araya geldi. Maa\u015flar\u0131n\u0131 alamad\u0131klar\u0131 i\u00e7in ya\u015fanan ekonomik belirsizlik nedeniyle faturalar\u0131n\u0131 \u00f6deyemediklerini ve evlerine ekmek g\u00f6t\u00fcrmekte zorland\u0131klar\u0131n\u0131 belirten i\u015f\u00e7iler, belediye y\u00f6netimine \u00e7\u00f6z\u00fcm \u00e7a\u011fr\u0131s\u0131nda bulundu. \u0130\u00e7erisinde bulunduklar\u0131 durumu anlatan bildirileri esnaf ve vatanda\u015fa da\u011f\u0131tan i\u015f\u00e7iler, seslerini duyurmaya \u00e7al\u0131\u015ft\u0131. \u0130\u015f\u00e7iler maa\u015flar\u0131n\u0131 alamad\u0131klar\u0131 ya da yar\u0131m ald\u0131klar\u0131 i\u00e7in hayatlar\u0131n\u0131 idame ettiremediklerini s\u00f6yledi.<\/p>\n<p>&#8220;Net bir \u00f6deme takvimi istiyoruz&#8221;<br \/>\n<br \/>Genel-\u0130\u015f Sendikas\u0131 10 No\u2019lu \u015eube Sekreteri G\u00fcntay K\u0131ray, Kent A\u015e emek\u00e7ileri olarak tam 7 ayd\u0131r maa\u015flar\u0131n\u0131 alamad\u0131klar\u0131n\u0131, mart, nisan, may\u0131s ve haziran ay\u0131 \u00f6demelerinin 7-8 taksite b\u00f6l\u00fcnerek haftal\u0131k 5 bin veya 6 bin liral\u0131k \u00f6demelerle ge\u00e7inmelerinin beklendi\u011fini, 540 ki\u015fi olarak evine icra gelen ve bor\u00e7 bata\u011f\u0131na d\u00fc\u015fen arkada\u015flar\u0131n\u0131n bulundu\u011funu, dayanacak g\u00fcc\u00fc kalmayan i\u015f\u00e7ilerin durumunu her zaman dile getirdiklerini ve bir ki\u015finin can\u0131na k\u0131ymas\u0131 halinde bunun sorumlulu\u011funun b\u00fcy\u00fck olaca\u011f\u0131n\u0131, kendilerine net bir \u00f6deme takvimi verilerek alacaklar\u0131n\u0131n tek seferde \u00f6denmesi gerekti\u011fini, daha \u00f6nce personel say\u0131s\u0131 900 civar\u0131ndayken \u015fu an 500\u2019l\u00fc rakamlara d\u00fc\u015ft\u00fc\u011f\u00fcn\u00fc, ba\u015fka harcamalar yerine sahada emek veren i\u015f\u00e7inin maa\u015f\u0131n\u0131n \u00f6ncelikli \u00f6denmesi gerekti\u011fini, i\u015f\u00e7ilerin \u00f6nceden kendi aralar\u0131nda dayan\u0131\u015fma sergiledi\u011fini ancak art\u0131k kimsenin bu g\u00fcc\u00fcn\u00fcn kalmad\u0131\u011f\u0131n\u0131 ve nas\u0131l taksit taksit \u00e7al\u0131\u015fm\u0131yorlarsa maa\u015flar\u0131n\u0131n da tek seferde yat\u0131r\u0131lmas\u0131n\u0131 istediklerini kaydetti.<\/p>\n<p>&#8220;Bu sorun olmaktan \u00e7\u0131k\u0131p krize d\u00f6n\u00fc\u015ft\u00fc&#8221;<br \/>\n<br \/>D\u0130SK\/Genel-\u0130\u015f \u0130zmir 10 No\u2019lu \u015eube Ba\u015fkan\u0131 Ferit Akdo\u011fan, kamuoyunu bilgilendirmek amac\u0131yla alanlarda olduklar\u0131n\u0131, belediye y\u00f6netiminin maa\u015flar\u0131 haftal\u0131k \u00f6demelerle taksitlendirdi\u011fini ve yapt\u0131klar\u0131 g\u00f6r\u00fc\u015fmelerde kaynak olu\u015fturma s\u00f6ylemleriyle ge\u00e7i\u015ftirildiklerini, 2,5 senedir devam eden s\u00fcre\u00e7te \u00e7\u00f6z\u00fcm bulunamad\u0131\u011f\u0131n\u0131 ve ki\u015fi ba\u015f\u0131 alacaklar\u0131n 400-450 bin liran\u0131n \u00fczerine \u00e7\u0131kt\u0131\u011f\u0131n\u0131, maa\u015f\u0131n\u0131 alamayan i\u015f\u00e7ilerin belediyenin kre\u015fine olan bor\u00e7lar\u0131na dahi faiz bindi\u011fini, emlak\u00e7\u0131lar\u0131n belediye i\u015f\u00e7isi oldu\u011fu gerek\u00e7esiyle arkada\u015flar\u0131na ev vermedi\u011fini, \u00e7ocu\u011funun servisini iptal eden ve evine erzak alamayan insanlar\u0131n bulundu\u011funu, ramazan ay\u0131nda iftar yapacak yeme\u011fi olmayan \u00e7al\u0131\u015fanlar\u0131n durumunun vahim oldu\u011funu, belediyeden yo\u011fun bir i\u015ften ayr\u0131lma s\u00fcreci ya\u015fand\u0131\u011f\u0131n\u0131, Belediye Ba\u015fkan\u0131 ile yapt\u0131klar\u0131 g\u00f6r\u00fc\u015fmede kendisinin yaln\u0131z kald\u0131\u011f\u0131n\u0131 ifade etti\u011fini ancak bu meselenin art\u0131k 7 ayl\u0131k bir krize d\u00f6n\u00fc\u015ft\u00fc\u011f\u00fcn\u00fc ve belediye y\u00f6netiminin acilen \u00e7\u00f6z\u00fcm \u00fcretmesi gerekti\u011fini belirtti.<br \/><\/p>\n","protected":false},"excerpt":{"rendered":"<p>Kar\u015f\u0131yaka Belediyesi b\u00fcnyesinde \u00e7al\u0131\u015fan i\u015f\u00e7iler, 7 ayd\u0131r s\u00fcregelen maa\u015f krizi nedeniyle Kar\u015f\u0131yaka \u00c7ar\u015f\u0131s\u0131\u2019nda y\u00fcr\u00fcy\u00fc\u015f d\u00fczenledi. Haz\u0131rlad\u0131klar\u0131 bildirileri halka ve esnafa da\u011f\u0131tan belediye emek\u00e7ileri, biriken alacaklar\u0131n\u0131n tek seferde \u00f6denmesini talep ederek seslerini duyurmaya \u00e7al\u0131\u015ft\u0131. Belediye i\u015f\u00e7ilerinin ekonomik durumlar\u0131n\u0131 bildikleri i\u00e7in art\u0131k ev sahiplerinin ev bile kiraya vermedi\u011fine de\u011finen D\u0130SK\/Genel-\u0130\u015f \u0130zmir 10 No\u2019lu \u015eube Ba\u015fkan\u0131 Ferit Akdo\u011fan,&#8230;<\/p>\n","protected":false},"author":1,"featured_media":90091,"comment_status":"open","ping_status":"open","sticky":false,"template":"","format":"standard","meta":{"_crdt_document":"","footnotes":""},"categories":[1],"tags":[],"class_list":["post-90090","post","type-post","status-publish","format-standard","has-post-thumbnail","hentry","category-guncel"],"_links":{"self":[{"href":"https:\/\/www.egemtv.com\/index.php?rest_route=\/wp\/v2\/posts\/90090","targetHints":{"allow":["GET"]}}],"collection":[{"href":"https:\/\/www.egemtv.com\/index.php?rest_route=\/wp\/v2\/posts"}],"about":[{"href":"https:\/\/www.egemtv.com\/index.php?rest_route=\/wp\/v2\/types\/post"}],"author":[{"embeddable":true,"href":"https:\/\/www.egemtv.com\/index.php?rest_route=\/wp\/v2\/users\/1"}],"replies":[{"embeddable":true,"href":"https:\/\/www.egemtv.com\/index.php?rest_route=%2Fwp%2Fv2%2Fcomments&post=90090"}],"version-history":[{"count":1,"href":"https:\/\/www.egemtv.com\/index.php?rest_route=\/wp\/v2\/posts\/90090\/revisions"}],"predecessor-version":[{"id":90092,"href":"https:\/\/www.egemtv.com\/index.php?rest_route=\/wp\/v2\/posts\/90090\/revisions\/90092"}],"wp:featuredmedia":[{"embeddable":true,"href":"https:\/\/www.egemtv.com\/index.php?rest_route=\/wp\/v2\/media\/90091"}],"wp:attachment":[{"href":"https:\/\/www.egemtv.com\/index.php?rest_route=%2Fwp%2Fv2%2Fmedia&parent=90090"}],"wp:term":[{"taxonomy":"category","embeddable":true,"href":"https:\/\/www.egemtv.com\/index.php?rest_route=%2Fwp%2Fv2%2Fcategories&post=90090"},{"taxonomy":"post_tag","embeddable":true,"href":"https:\/\/www.egemtv.com\/index.php?rest_route=%2Fwp%2Fv2%2Ftags&post=90090"}],"curies":[{"name":"wp","href":"https:\/\/api.w.org\/{rel}","templated":true}]}}