{"id":90087,"date":"2026-02-24T13:54:47","date_gmt":"2026-02-24T10:54:47","guid":{"rendered":"https:\/\/www.egemtv.com\/?p=90087"},"modified":"2026-02-24T13:54:49","modified_gmt":"2026-02-24T10:54:49","slug":"nazillide-ogrencilere-ormanlari-koruma-afet-ve-yangin-egitimi-verildi","status":"publish","type":"post","link":"https:\/\/www.egemtv.com\/?p=90087","title":{"rendered":"Nazilli\u2019de \u00f6\u011frencilere \u2019Ormanlar\u0131 Koruma, Afet ve Yang\u0131n E\u011fitimi\u2019 verildi"},"content":{"rendered":"<p>Ayd\u0131n\u2019\u0131n Nazilli il\u00e7esi Dall\u0131ca \u0130lkokulu\u2019nda \u00f6\u011frencilere \u2019Ormanlar\u0131 Koruma, Afet ve Yang\u0131n E\u011fitimi\u2019 verildi.<\/p>\n<p>Nazilli \u0130l\u00e7e Milli E\u011fitim M\u00fcd\u00fcrl\u00fc\u011f\u00fc\u2019n\u00fcn projelerinden olan \u2019Ye\u015fil Ad\u0131mlar Projesi\u2019 kapsam\u0131nda ge\u00e7ti\u011fimiz Aral\u0131k ay\u0131nda a\u011fa\u00e7 dikme etkinli\u011fi ger\u00e7ekle\u015ftiren \u00f6\u011frenciler bu kez \u2019Ormanlar\u0131 Koruma, Afet ve Yang\u0131n E\u011fitimi\u2019 ald\u0131. Nazilli \u0130l\u00e7e Milli E\u011fitim M\u00fcd\u00fcr\u00fc \u0130smail \u015eim\u015fek ba\u015fta olmak \u00fczere il\u00e7edeki okul m\u00fcd\u00fcrlerinin kat\u0131l\u0131m\u0131 ile ger\u00e7ekle\u015ftirilen etkinlikte Ayd\u0131n B\u00fcy\u00fck\u015fehir \u0130tfaiye Daire Ba\u015fkanl\u0131\u011f\u0131\u2019na ba\u011fl\u0131 Nazilli \u0130tfaiye Amirli\u011fi\u2019nde g\u00f6revli \u0130tfaiye Amiri Akansel Kuru ve ekibi, \u00e7ocuklara \u00f6nemli bilgiler verdi.<\/p>\n<p>Etkinli\u011fin a\u00e7\u0131l\u0131\u015f\u0131nda konu\u015fan Dall\u0131ca \u0130lkokulu M\u00fcd\u00fcr\u00fc Faik Tekcan, \u2019Ye\u015fil Ad\u0131mlar Projesi\u2019 kapsam\u0131nda Nazilli \u0130l\u00e7e Milli E\u011fitim M\u00fcd\u00fcrl\u00fc\u011f\u00fc koordinasyonunda okullar\u0131nda y\u00fcr\u00fct\u00fclen \u2019Ormanlar\u0131 Koruma, Afet ve Yang\u0131n E\u011fitimi\u2019 projesini ger\u00e7ekle\u015ftirdiklerini s\u00f6yledi. Tekcan konu\u015fmas\u0131nda, \u00fclkemizin b\u00fcy\u00fck bir b\u00f6l\u00fcm\u00fcn\u00fcn deprem ku\u015fa\u011f\u0131nda olmas\u0131, bilin\u00e7sizce ate\u015f yak\u0131lmas\u0131 sonucu \u00e7\u0131kan b\u00fcy\u00fck orman yang\u0131nlar\u0131 baz\u0131 d\u00f6nemlerde ya\u011f\u0131\u015flardan kaynakl\u0131 sel bask\u0131nlar\u0131 gibi do\u011fal afetlerden can ve mal kayb\u0131n\u0131 en aza indirmek i\u00e7in bilin\u00e7li olman\u0131n \u00e7ok \u00f6nemli oldu\u011funu alt\u0131n\u0131 \u00e7izdi. Bu kapsamda \u00f6\u011frencilerine bu bilinci ve fark\u0131ndal\u0131\u011f\u0131 kazand\u0131racak b\u00f6yle projelerin \u00f6nemi ve s\u00fcrekli olmas\u0131n\u0131n bu t\u00fcr olaylar ya\u015fand\u0131k\u00e7a daha iyi anla\u015f\u0131laca\u011f\u0131n\u0131 ifade etti. Do\u011fal afetleri engellemenin elimizde olmad\u0131\u011f\u0131n\u0131 ancak kay\u0131plar\u0131n\u0131 en aza indirmek i\u00e7in al\u0131nacak tedbirlerin en ba\u015f\u0131nda \u00e7evreyi ve ormanlar\u0131 koruman\u0131n zorunlu oldu\u011funu belirtti.<\/p>\n<p>Etkinlikte renkli g\u00f6r\u00fcnt\u00fcler<br \/>\n<br \/>M\u00fcd\u00fcr Tekcan\u2019\u0131n konu\u015fmas\u0131n\u0131n ard\u0131ndan S\u0131n\u0131f \u00d6\u011fretmeni \u0130lknur Sayg\u0131 da 28 \u015eubat Sivil savunma G\u00fcn\u00fc ile ilgili bilgiler verdi. Etkinli\u011fin devam\u0131nda \u00f6\u011frenciler haz\u0131rlad\u0131klar\u0131 yaz\u0131 ve \u015fiirlerle birlikte \u015fark\u0131lar s\u00f6yleyerek etkinli\u011fe renk katt\u0131. Etkinli\u011fin en \u00f6nemli k\u0131sm\u0131 olan \u2018Ormanlar\u0131 Koruma, Afet ve Yang\u0131n E\u011fitimi\u2019 Ayd\u0131n B\u00fcy\u00fck\u015fehir \u0130tfaiye Daire Ba\u015fkanl\u0131\u011f\u0131na ba\u011fl\u0131 Nazilli \u0130tfaiye Amirli\u011fi\u2019nde g\u00f6revli \u0130tfaiye Amiri Akansel Kuru taraf\u0131ndan ger\u00e7ekle\u015ftirildi. Kuru, \u00f6\u011frencilere 112 acil numaras\u0131n\u0131n nas\u0131l aranaca\u011f\u0131n\u0131, evde do\u011fru elektrik kullan\u0131m\u0131n\u0131, ormanlar\u0131n nas\u0131l korunaca\u011f\u0131n\u0131, deprem s\u0131ras\u0131nda ve yang\u0131nlarda neler yap\u0131laca\u011f\u0131n\u0131 anlatt\u0131. G\u00fcn\u00fcn s\u00fcrprizi ise \u0130tfaiye arac\u0131n\u0131n siren \u00e7alarak okul bah\u00e7esine gelmesi ve \u00f6\u011frencilere yang\u0131nlarda nas\u0131l su at\u0131laca\u011f\u0131n\u0131 g\u00f6stermesi oldu. \u0130tfaiye hortumu ile alevlere nas\u0131l su at\u0131laca\u011f\u0131n\u0131 \u00f6\u011frenmek i\u00e7in \u00e7ocuklar adeta birbirleri ile yar\u0131\u015ft\u0131. Etkinli\u011fin sonunda baz\u0131 \u00f6\u011frenciler itfaiyeci amcalar\u0131na elleri ile \u00e7izdikleri resimleri hediye etti.<br \/><\/p>\n","protected":false},"excerpt":{"rendered":"<p>Ayd\u0131n\u2019\u0131n Nazilli il\u00e7esi Dall\u0131ca \u0130lkokulu\u2019nda \u00f6\u011frencilere \u2019Ormanlar\u0131 Koruma, Afet ve Yang\u0131n E\u011fitimi\u2019 verildi. Nazilli \u0130l\u00e7e Milli E\u011fitim M\u00fcd\u00fcrl\u00fc\u011f\u00fc\u2019n\u00fcn projelerinden olan \u2019Ye\u015fil Ad\u0131mlar Projesi\u2019 kapsam\u0131nda ge\u00e7ti\u011fimiz Aral\u0131k ay\u0131nda a\u011fa\u00e7 dikme etkinli\u011fi ger\u00e7ekle\u015ftiren \u00f6\u011frenciler bu kez \u2019Ormanlar\u0131 Koruma, Afet ve Yang\u0131n E\u011fitimi\u2019 ald\u0131. Nazilli \u0130l\u00e7e Milli E\u011fitim M\u00fcd\u00fcr\u00fc \u0130smail \u015eim\u015fek ba\u015fta olmak \u00fczere il\u00e7edeki okul m\u00fcd\u00fcrlerinin kat\u0131l\u0131m\u0131&#8230;<\/p>\n","protected":false},"author":1,"featured_media":90088,"comment_status":"open","ping_status":"open","sticky":false,"template":"","format":"standard","meta":{"_crdt_document":"","footnotes":""},"categories":[1],"tags":[],"class_list":["post-90087","post","type-post","status-publish","format-standard","has-post-thumbnail","hentry","category-guncel"],"_links":{"self":[{"href":"https:\/\/www.egemtv.com\/index.php?rest_route=\/wp\/v2\/posts\/90087","targetHints":{"allow":["GET"]}}],"collection":[{"href":"https:\/\/www.egemtv.com\/index.php?rest_route=\/wp\/v2\/posts"}],"about":[{"href":"https:\/\/www.egemtv.com\/index.php?rest_route=\/wp\/v2\/types\/post"}],"author":[{"embeddable":true,"href":"https:\/\/www.egemtv.com\/index.php?rest_route=\/wp\/v2\/users\/1"}],"replies":[{"embeddable":true,"href":"https:\/\/www.egemtv.com\/index.php?rest_route=%2Fwp%2Fv2%2Fcomments&post=90087"}],"version-history":[{"count":1,"href":"https:\/\/www.egemtv.com\/index.php?rest_route=\/wp\/v2\/posts\/90087\/revisions"}],"predecessor-version":[{"id":90089,"href":"https:\/\/www.egemtv.com\/index.php?rest_route=\/wp\/v2\/posts\/90087\/revisions\/90089"}],"wp:featuredmedia":[{"embeddable":true,"href":"https:\/\/www.egemtv.com\/index.php?rest_route=\/wp\/v2\/media\/90088"}],"wp:attachment":[{"href":"https:\/\/www.egemtv.com\/index.php?rest_route=%2Fwp%2Fv2%2Fmedia&parent=90087"}],"wp:term":[{"taxonomy":"category","embeddable":true,"href":"https:\/\/www.egemtv.com\/index.php?rest_route=%2Fwp%2Fv2%2Fcategories&post=90087"},{"taxonomy":"post_tag","embeddable":true,"href":"https:\/\/www.egemtv.com\/index.php?rest_route=%2Fwp%2Fv2%2Ftags&post=90087"}],"curies":[{"name":"wp","href":"https:\/\/api.w.org\/{rel}","templated":true}]}}