{"id":90084,"date":"2026-02-24T13:54:46","date_gmt":"2026-02-24T10:54:46","guid":{"rendered":"https:\/\/www.egemtv.com\/?p=90084"},"modified":"2026-02-24T13:54:47","modified_gmt":"2026-02-24T10:54:47","slug":"genc-iscinin-olumunde-2-supheli-gozaltina-alindi","status":"publish","type":"post","link":"https:\/\/www.egemtv.com\/?p=90084","title":{"rendered":"Gen\u00e7 i\u015f\u00e7inin \u00f6l\u00fcm\u00fcnde 2 \u015f\u00fcpheli g\u00f6zalt\u0131na al\u0131nd\u0131"},"content":{"rendered":"<p>Manisa\u2019n\u0131n Ala\u015fehir il\u00e7esinde i\u015fyerinin \u00e7at\u0131s\u0131nda kaynak yapt\u0131\u011f\u0131 s\u0131rada ak\u0131ma kap\u0131larak hayat\u0131n\u0131 kaybeden gen\u00e7 i\u015f\u00e7inin \u00f6l\u00fcm\u00fcyle ilgili y\u00fcr\u00fct\u00fclen soru\u015fturma kapsam\u0131nda i\u015fveren ve i\u015fyeri sahibi jandarma taraf\u0131ndan g\u00f6zalt\u0131na al\u0131nd\u0131.<br \/>\n<br \/>Manisa\u2019n\u0131n Ala\u015fehir il\u00e7esinde kaynak yapt\u0131\u011f\u0131 s\u0131rada y\u00fcksek gerilim hatt\u0131n\u0131n ak\u0131m\u0131na kap\u0131lan 20 ya\u015f\u0131ndaki \u0130brahim Ta\u015fdelen ya\u015fam\u0131n\u0131 yitirdi. Olayla ilgili i\u015fveren ve i\u015fyeri sahibi g\u00f6zalt\u0131na al\u0131nd\u0131.<br \/>\n<br \/>Olay, Ala\u015fehir il\u00e7esine ba\u011fl\u0131 k\u0131rsal Hac\u0131aliler Mahallesi\u2019nde meydana geldi. Edinilen bilgilere g\u00f6re, demir i\u015fi yapan \u0130.\u00c7. (58)\u2019ye ait i\u015fte \u00e7al\u0131\u015fan \u0130brahim Ta\u015fdelen (20), kaynak yapt\u0131\u011f\u0131 esnada y\u00fcksek gerilim hatt\u0131na kap\u0131ld\u0131. A\u011f\u0131r yaralanan gen\u00e7 i\u015f\u00e7i i\u00e7in \u00e7evredekilerin ihbar\u0131 \u00fczerine olay yerine sa\u011fl\u0131k ekipleri sevk edildi. Ancak yap\u0131lan t\u00fcm m\u00fcdahalelere ra\u011fmen Ta\u015fdelen kurtar\u0131lamad\u0131.<\/p>\n<p>\u0130\u015fveren ve i\u015fyeri sahibi g\u00f6zalt\u0131nda<br \/>\n<br \/>Olay\u0131n ard\u0131ndan jandarma ekipleri taraf\u0131ndan ba\u015flat\u0131lan soru\u015fturma kapsam\u0131nda, Ta\u015fdelen\u2019in i\u015fvereni \u0130.\u00c7. (58) ile kazan\u0131n meydana geldi\u011fi i\u015fyerinin sahibi \u0130.S. (51) g\u00f6zalt\u0131na al\u0131nd\u0131. \u015e\u00fcphelilerin jandarmadaki i\u015flemlerinin s\u00fcrd\u00fc\u011f\u00fc \u00f6\u011frenildi.<br \/>\n<br \/>Yetkililer, olay\u0131n i\u015f g\u00fcvenli\u011fi ihmali olup olmad\u0131\u011f\u0131n\u0131n detayl\u0131 \u015fekilde ara\u015ft\u0131r\u0131ld\u0131\u011f\u0131n\u0131 bildirirken, soru\u015fturman\u0131n \u00e7ok y\u00f6nl\u00fc olarak devam etti\u011fi belirtildi.<\/p>\n<p>Gen\u00e7 i\u015f\u00e7i son yolculu\u011funa u\u011furlanacak<br \/>\n<br \/>Hayat\u0131n\u0131 kaybeden \u0130brahim Ta\u015fdelen\u2019in cenazesinin bug\u00fcn ikindi namaz\u0131n\u0131 m\u00fcteakip Hac\u0131aliler Camii\u2019nde k\u0131l\u0131nacak cenaze namaz\u0131n\u0131n ard\u0131ndan Hac\u0131aliler Mezarl\u0131\u011f\u0131\u2019nda topra\u011fa verilece\u011fi \u00f6\u011frenildi.<br \/>\n<br \/>Olayla ilgili soru\u015fturma s\u00fcr\u00fcyor.<br \/><\/p>\n","protected":false},"excerpt":{"rendered":"<p>Manisa\u2019n\u0131n Ala\u015fehir il\u00e7esinde i\u015fyerinin \u00e7at\u0131s\u0131nda kaynak yapt\u0131\u011f\u0131 s\u0131rada ak\u0131ma kap\u0131larak hayat\u0131n\u0131 kaybeden gen\u00e7 i\u015f\u00e7inin \u00f6l\u00fcm\u00fcyle ilgili y\u00fcr\u00fct\u00fclen soru\u015fturma kapsam\u0131nda i\u015fveren ve i\u015fyeri sahibi jandarma taraf\u0131ndan g\u00f6zalt\u0131na al\u0131nd\u0131. Manisa\u2019n\u0131n Ala\u015fehir il\u00e7esinde kaynak yapt\u0131\u011f\u0131 s\u0131rada y\u00fcksek gerilim hatt\u0131n\u0131n ak\u0131m\u0131na kap\u0131lan 20 ya\u015f\u0131ndaki \u0130brahim Ta\u015fdelen ya\u015fam\u0131n\u0131 yitirdi. Olayla ilgili i\u015fveren ve i\u015fyeri sahibi g\u00f6zalt\u0131na al\u0131nd\u0131. Olay, Ala\u015fehir il\u00e7esine&#8230;<\/p>\n","protected":false},"author":1,"featured_media":90085,"comment_status":"open","ping_status":"open","sticky":false,"template":"","format":"standard","meta":{"_crdt_document":"","footnotes":""},"categories":[5],"tags":[],"class_list":["post-90084","post","type-post","status-publish","format-standard","has-post-thumbnail","hentry","category-asayis"],"_links":{"self":[{"href":"https:\/\/www.egemtv.com\/index.php?rest_route=\/wp\/v2\/posts\/90084","targetHints":{"allow":["GET"]}}],"collection":[{"href":"https:\/\/www.egemtv.com\/index.php?rest_route=\/wp\/v2\/posts"}],"about":[{"href":"https:\/\/www.egemtv.com\/index.php?rest_route=\/wp\/v2\/types\/post"}],"author":[{"embeddable":true,"href":"https:\/\/www.egemtv.com\/index.php?rest_route=\/wp\/v2\/users\/1"}],"replies":[{"embeddable":true,"href":"https:\/\/www.egemtv.com\/index.php?rest_route=%2Fwp%2Fv2%2Fcomments&post=90084"}],"version-history":[{"count":1,"href":"https:\/\/www.egemtv.com\/index.php?rest_route=\/wp\/v2\/posts\/90084\/revisions"}],"predecessor-version":[{"id":90086,"href":"https:\/\/www.egemtv.com\/index.php?rest_route=\/wp\/v2\/posts\/90084\/revisions\/90086"}],"wp:featuredmedia":[{"embeddable":true,"href":"https:\/\/www.egemtv.com\/index.php?rest_route=\/wp\/v2\/media\/90085"}],"wp:attachment":[{"href":"https:\/\/www.egemtv.com\/index.php?rest_route=%2Fwp%2Fv2%2Fmedia&parent=90084"}],"wp:term":[{"taxonomy":"category","embeddable":true,"href":"https:\/\/www.egemtv.com\/index.php?rest_route=%2Fwp%2Fv2%2Fcategories&post=90084"},{"taxonomy":"post_tag","embeddable":true,"href":"https:\/\/www.egemtv.com\/index.php?rest_route=%2Fwp%2Fv2%2Ftags&post=90084"}],"curies":[{"name":"wp","href":"https:\/\/api.w.org\/{rel}","templated":true}]}}