{"id":90081,"date":"2026-02-24T13:36:04","date_gmt":"2026-02-24T10:36:04","guid":{"rendered":"https:\/\/www.egemtv.com\/?p=90081"},"modified":"2026-02-24T13:36:06","modified_gmt":"2026-02-24T10:36:06","slug":"altintasta-ogrenciler-evlerinde-aileleriyle-birlikte-iftar-sofrasi-kurdu","status":"publish","type":"post","link":"https:\/\/www.egemtv.com\/?p=90081","title":{"rendered":"Alt\u0131nta\u015f\u2019ta \u00f6\u011frenciler evlerinde aileleriyle birlikte iftar sofras\u0131 kurdu"},"content":{"rendered":"<p>K\u00fctahya\u2019n\u0131n Alt\u0131nta\u015f il\u00e7esinde bulunan Zafer \u0130lkokulu taraf\u0131ndan &#8220;Maarifin Kalbinde Ramazan \u015eenlikleri&#8221; kapsam\u0131nda d\u00fczenlenen anlaml\u0131 etkinlikte \u00f6\u011frenciler evlerinde iftar sofras\u0131 kurulumunda ailelerine yard\u0131m etti.<br \/>\n<br \/>2\/A s\u0131n\u0131f\u0131 \u00f6\u011frencileri ve ailelerinin kat\u0131l\u0131m\u0131yla ger\u00e7ekle\u015ftirilen &#8220;\u0130lk Ramazan Sofram\u0131z&#8221; etkinli\u011finde \u00f6\u011frenciler Milli E\u011fitim Bakanl\u0131\u011f\u0131n\u0131n k\u0131lavuzlar\u0131 do\u011frultusunda evlerinde iftar sofras\u0131n\u0131n kurulumunda ailelerine yard\u0131m ettiler.<br \/>\n<br \/>Etkinlikte \u00f6\u011frenciler, Ramazan\u2019da iftar sofralar\u0131n\u0131n \u00f6zenle haz\u0131rlanmas\u0131n\u0131n, payla\u015fma, birliktelik ve sorumluluk bilinci ta\u015f\u0131d\u0131\u011f\u0131n\u0131 uygulamal\u0131 olarak deneyimledi. Sofra kurma adab\u0131n\u0131 \u00f6\u011frenen \u00f6\u011frenciler, g\u00fcnl\u00fck ya\u015fam becerilerini geli\u015ftirme f\u0131rsat\u0131 bulurken, payla\u015fman\u0131n ve birlikte olman\u0131n de\u011ferini de yak\u0131ndan hissetti.<br \/>\n<br \/>Programa kat\u0131lan aileler ise Ramazan\u2019\u0131n bereketini ve birlik beraberli\u011fin s\u0131cakl\u0131\u011f\u0131n\u0131 \u00e7ocuklar\u0131yla birlikte ya\u015faman\u0131n mutlulu\u011funu payla\u015ft\u0131. Etkinlik, hem \u00f6\u011frenciler hem de veliler i\u00e7in unutulmaz bir hat\u0131ra olarak haf\u0131zalarda yer etti.<br \/><\/p>\n","protected":false},"excerpt":{"rendered":"<p>K\u00fctahya\u2019n\u0131n Alt\u0131nta\u015f il\u00e7esinde bulunan Zafer \u0130lkokulu taraf\u0131ndan &#8220;Maarifin Kalbinde Ramazan \u015eenlikleri&#8221; kapsam\u0131nda d\u00fczenlenen anlaml\u0131 etkinlikte \u00f6\u011frenciler evlerinde iftar sofras\u0131 kurulumunda ailelerine yard\u0131m etti. 2\/A s\u0131n\u0131f\u0131 \u00f6\u011frencileri ve ailelerinin kat\u0131l\u0131m\u0131yla ger\u00e7ekle\u015ftirilen &#8220;\u0130lk Ramazan Sofram\u0131z&#8221; etkinli\u011finde \u00f6\u011frenciler Milli E\u011fitim Bakanl\u0131\u011f\u0131n\u0131n k\u0131lavuzlar\u0131 do\u011frultusunda evlerinde iftar sofras\u0131n\u0131n kurulumunda ailelerine yard\u0131m ettiler. Etkinlikte \u00f6\u011frenciler, Ramazan\u2019da iftar sofralar\u0131n\u0131n \u00f6zenle haz\u0131rlanmas\u0131n\u0131n, payla\u015fma,&#8230;<\/p>\n","protected":false},"author":1,"featured_media":90082,"comment_status":"open","ping_status":"open","sticky":false,"template":"","format":"standard","meta":{"_crdt_document":"","footnotes":""},"categories":[1],"tags":[],"class_list":["post-90081","post","type-post","status-publish","format-standard","has-post-thumbnail","hentry","category-guncel"],"_links":{"self":[{"href":"https:\/\/www.egemtv.com\/index.php?rest_route=\/wp\/v2\/posts\/90081","targetHints":{"allow":["GET"]}}],"collection":[{"href":"https:\/\/www.egemtv.com\/index.php?rest_route=\/wp\/v2\/posts"}],"about":[{"href":"https:\/\/www.egemtv.com\/index.php?rest_route=\/wp\/v2\/types\/post"}],"author":[{"embeddable":true,"href":"https:\/\/www.egemtv.com\/index.php?rest_route=\/wp\/v2\/users\/1"}],"replies":[{"embeddable":true,"href":"https:\/\/www.egemtv.com\/index.php?rest_route=%2Fwp%2Fv2%2Fcomments&post=90081"}],"version-history":[{"count":1,"href":"https:\/\/www.egemtv.com\/index.php?rest_route=\/wp\/v2\/posts\/90081\/revisions"}],"predecessor-version":[{"id":90083,"href":"https:\/\/www.egemtv.com\/index.php?rest_route=\/wp\/v2\/posts\/90081\/revisions\/90083"}],"wp:featuredmedia":[{"embeddable":true,"href":"https:\/\/www.egemtv.com\/index.php?rest_route=\/wp\/v2\/media\/90082"}],"wp:attachment":[{"href":"https:\/\/www.egemtv.com\/index.php?rest_route=%2Fwp%2Fv2%2Fmedia&parent=90081"}],"wp:term":[{"taxonomy":"category","embeddable":true,"href":"https:\/\/www.egemtv.com\/index.php?rest_route=%2Fwp%2Fv2%2Fcategories&post=90081"},{"taxonomy":"post_tag","embeddable":true,"href":"https:\/\/www.egemtv.com\/index.php?rest_route=%2Fwp%2Fv2%2Ftags&post=90081"}],"curies":[{"name":"wp","href":"https:\/\/api.w.org\/{rel}","templated":true}]}}