{"id":90078,"date":"2026-02-24T13:36:03","date_gmt":"2026-02-24T10:36:03","guid":{"rendered":"https:\/\/www.egemtv.com\/?p=90078"},"modified":"2026-02-24T13:36:04","modified_gmt":"2026-02-24T10:36:04","slug":"ramazanda-efelerde-gida-denetimi","status":"publish","type":"post","link":"https:\/\/www.egemtv.com\/?p=90078","title":{"rendered":"Ramazan\u2019da Efeler\u2019de g\u0131da denetimi"},"content":{"rendered":"<p>Ayd\u0131n\u2019da Ramazan ay\u0131yla birlikte artarak devam eden g\u0131da denetimleri, Efeler il\u00e7esinde \u00fcst d\u00fczey kat\u0131l\u0131mla ger\u00e7ekle\u015ftirildi.<\/p>\n<p>Ramazan ay\u0131nda artan t\u00fcketimle birlikte denetimlerin s\u0131kla\u015ft\u0131r\u0131ld\u0131\u011f\u0131 Ayd\u0131n\u2019da, halk sa\u011fl\u0131\u011f\u0131n\u0131n korunmas\u0131na y\u00f6nelik \u00e7al\u0131\u015fmalar aral\u0131ks\u0131z devam ediyor. Efeler\u2019de faaliyet g\u00f6steren g\u0131da \u00fcretim, sat\u0131\u015f ve toplu t\u00fcketim i\u015fletmelerinde yap\u0131lan kontrollerde \u00f6zellikle Ramazan ay\u0131nda t\u00fcketimi artan \u00fcr\u00fcn gruplar\u0131 hassasiyetle incelendi. F\u0131r\u0131nlar, pastaneler ve tatl\u0131 \u00fcretim\/sat\u0131\u015f yerleri, kasaplar, marketler ile toplu t\u00fcketim i\u015fletmelerinde hijyen \u015fartlar\u0131, \u00fcretim s\u00fcre\u00e7leri, muhafaza \u015fartlar\u0131 ve mevzuata uygunluk durumlar\u0131 titizlikle denetlendi. Yetkililer, vatanda\u015flar\u0131n g\u00fcvenilir ve sa\u011fl\u0131kl\u0131 g\u0131daya eri\u015fimini sa\u011flamak amac\u0131yla denetimlerin Ramazan ay\u0131 boyunca ayn\u0131 hassasiyet ve kararl\u0131l\u0131kla s\u00fcrd\u00fcr\u00fclece\u011fini belirtti.<br \/><\/p>\n","protected":false},"excerpt":{"rendered":"<p>Ayd\u0131n\u2019da Ramazan ay\u0131yla birlikte artarak devam eden g\u0131da denetimleri, Efeler il\u00e7esinde \u00fcst d\u00fczey kat\u0131l\u0131mla ger\u00e7ekle\u015ftirildi. Ramazan ay\u0131nda artan t\u00fcketimle birlikte denetimlerin s\u0131kla\u015ft\u0131r\u0131ld\u0131\u011f\u0131 Ayd\u0131n\u2019da, halk sa\u011fl\u0131\u011f\u0131n\u0131n korunmas\u0131na y\u00f6nelik \u00e7al\u0131\u015fmalar aral\u0131ks\u0131z devam ediyor. Efeler\u2019de faaliyet g\u00f6steren g\u0131da \u00fcretim, sat\u0131\u015f ve toplu t\u00fcketim i\u015fletmelerinde yap\u0131lan kontrollerde \u00f6zellikle Ramazan ay\u0131nda t\u00fcketimi artan \u00fcr\u00fcn gruplar\u0131 hassasiyetle incelendi. F\u0131r\u0131nlar, pastaneler ve&#8230;<\/p>\n","protected":false},"author":1,"featured_media":90079,"comment_status":"open","ping_status":"open","sticky":false,"template":"","format":"standard","meta":{"_crdt_document":"","footnotes":""},"categories":[1],"tags":[],"class_list":["post-90078","post","type-post","status-publish","format-standard","has-post-thumbnail","hentry","category-guncel"],"_links":{"self":[{"href":"https:\/\/www.egemtv.com\/index.php?rest_route=\/wp\/v2\/posts\/90078","targetHints":{"allow":["GET"]}}],"collection":[{"href":"https:\/\/www.egemtv.com\/index.php?rest_route=\/wp\/v2\/posts"}],"about":[{"href":"https:\/\/www.egemtv.com\/index.php?rest_route=\/wp\/v2\/types\/post"}],"author":[{"embeddable":true,"href":"https:\/\/www.egemtv.com\/index.php?rest_route=\/wp\/v2\/users\/1"}],"replies":[{"embeddable":true,"href":"https:\/\/www.egemtv.com\/index.php?rest_route=%2Fwp%2Fv2%2Fcomments&post=90078"}],"version-history":[{"count":1,"href":"https:\/\/www.egemtv.com\/index.php?rest_route=\/wp\/v2\/posts\/90078\/revisions"}],"predecessor-version":[{"id":90080,"href":"https:\/\/www.egemtv.com\/index.php?rest_route=\/wp\/v2\/posts\/90078\/revisions\/90080"}],"wp:featuredmedia":[{"embeddable":true,"href":"https:\/\/www.egemtv.com\/index.php?rest_route=\/wp\/v2\/media\/90079"}],"wp:attachment":[{"href":"https:\/\/www.egemtv.com\/index.php?rest_route=%2Fwp%2Fv2%2Fmedia&parent=90078"}],"wp:term":[{"taxonomy":"category","embeddable":true,"href":"https:\/\/www.egemtv.com\/index.php?rest_route=%2Fwp%2Fv2%2Fcategories&post=90078"},{"taxonomy":"post_tag","embeddable":true,"href":"https:\/\/www.egemtv.com\/index.php?rest_route=%2Fwp%2Fv2%2Ftags&post=90078"}],"curies":[{"name":"wp","href":"https:\/\/api.w.org\/{rel}","templated":true}]}}