{"id":90075,"date":"2026-02-24T13:36:02","date_gmt":"2026-02-24T10:36:02","guid":{"rendered":"https:\/\/www.egemtv.com\/?p=90075"},"modified":"2026-02-24T13:36:03","modified_gmt":"2026-02-24T10:36:03","slug":"mugla-112de-hukuk-ve-iletisim-seferberligi","status":"publish","type":"post","link":"https:\/\/www.egemtv.com\/?p=90075","title":{"rendered":"Mu\u011fla 112\u2019de &#8220;Hukuk&#8221; ve &#8220;\u0130leti\u015fim&#8221; seferberli\u011fi"},"content":{"rendered":"<p>Mu\u011fla 112 Acil \u00c7a\u011fr\u0131 Merkezi M\u00fcd\u00fcrl\u00fc\u011f\u00fc, hizmet kalitesini y\u00fckseltmek ve personelinin hukuki haklar\u0131 ile sorumluluklar\u0131 konusundaki bilincini g\u00fc\u00e7lendirmek amac\u0131yla d\u00fczenledi\u011fi kapsaml\u0131 hizmet i\u00e7i e\u011fitim program\u0131n\u0131 ba\u015far\u0131yla tamamlad\u0131.<\/p>\n<p>Toplumun en hassas anlar\u0131nda ilk temas noktas\u0131 olan 112 Acil \u00c7a\u011fr\u0131 Merkezi personeli, zorlu g\u00f6rev s\u00fcre\u00e7lerinde ihtiya\u00e7 duyduklar\u0131 hukuki donan\u0131m\u0131 d\u00fczenlenen e\u011fitimlerle peki\u015ftirdi. Mu\u011fla Valili\u011fi onay\u0131 ve Mu\u011fla Barosu i\u015f birli\u011fiyle ger\u00e7ekle\u015ftirilen programda, \u00e7a\u011fr\u0131 kar\u015f\u0131lay\u0131c\u0131 ve y\u00f6nlendirici personele g\u00fcncel mevzuat \u0131\u015f\u0131\u011f\u0131nda kritik bilgiler aktar\u0131ld\u0131.<\/p>\n<p>E\u011fitim program\u0131; Av. U. Efsun T\u00fcrkmen Erol, Av. Arzu Sultan Uslu, Av. Cengiz Soydemir, Av. Ay\u015fem Tekin K\u00f6k, Av. Dr. Mustafa Farsako\u011flu ve Av. Mehmet Hasbio\u011flu gibi alan\u0131nda uzman isimlerin katk\u0131lar\u0131yla ger\u00e7ekle\u015ftirildi. E\u011fitimlerde, personelin g\u00f6rev esnas\u0131nda kar\u015f\u0131la\u015fabilece\u011fi hukuki s\u00fcre\u00e7ler en ince ayr\u0131nt\u0131s\u0131na kadar ele al\u0131nd\u0131.<\/p>\n<p>Hizmet ak\u0131\u015f\u0131n\u0131 aksatmayacak \u015fekilde planlanan e\u011fitimlerde; \u00e7a\u011fr\u0131 y\u00f6netimi, bilgi gizlili\u011fi ve g\u00fcvenli\u011fi, 6698 say\u0131l\u0131 Ki\u015fisel Verilerin Korunmas\u0131 Kanunu (KVKK), insan haklar\u0131 \u00e7er\u00e7evesinde sorumluluklar ve hukuki ba\u015fvuru yollar\u0131 masaya yat\u0131r\u0131ld\u0131. \u00d6zellikle \u00e7a\u011fr\u0131 esnas\u0131nda olu\u015fabilecek tehdit ve hakaret durumlar\u0131nda izlenecek s\u00fcre\u00e7ler ile personelin yasal sorumluluklar\u0131, yarg\u0131 kararlar\u0131 ve \u00f6rnek olaylar \u00fczerinden uygulamal\u0131 olarak de\u011ferlendirildi.<br \/>\n<br \/>E\u011fitim program\u0131, Mu\u011fla Barosu Ba\u015fkan\u0131 Av. Levent Akg\u00fcn ve Mu\u011fla 112 Acil \u00c7a\u011fr\u0131 Merkezi M\u00fcd\u00fcr\u00fc Kamil Karakaya\u2019n\u0131n kat\u0131ld\u0131\u011f\u0131 kapan\u0131\u015f t\u00f6reniyle son buldu. T\u00f6rende, &#8220;hukuki bilin\u00e7, g\u00fc\u00e7l\u00fc ileti\u015fim ve hak temelli yakla\u015f\u0131m&#8221; vurgusu yap\u0131larak, bu e\u011fitimin vatanda\u015flara sunulan hizmetin g\u00fcvenli\u011fi a\u00e7\u0131s\u0131ndan b\u00fcy\u00fck bir ad\u0131m oldu\u011fu belirtildi.<br \/><\/p>\n","protected":false},"excerpt":{"rendered":"<p>Mu\u011fla 112 Acil \u00c7a\u011fr\u0131 Merkezi M\u00fcd\u00fcrl\u00fc\u011f\u00fc, hizmet kalitesini y\u00fckseltmek ve personelinin hukuki haklar\u0131 ile sorumluluklar\u0131 konusundaki bilincini g\u00fc\u00e7lendirmek amac\u0131yla d\u00fczenledi\u011fi kapsaml\u0131 hizmet i\u00e7i e\u011fitim program\u0131n\u0131 ba\u015far\u0131yla tamamlad\u0131. Toplumun en hassas anlar\u0131nda ilk temas noktas\u0131 olan 112 Acil \u00c7a\u011fr\u0131 Merkezi personeli, zorlu g\u00f6rev s\u00fcre\u00e7lerinde ihtiya\u00e7 duyduklar\u0131 hukuki donan\u0131m\u0131 d\u00fczenlenen e\u011fitimlerle peki\u015ftirdi. Mu\u011fla Valili\u011fi onay\u0131 ve Mu\u011fla&#8230;<\/p>\n","protected":false},"author":1,"featured_media":90076,"comment_status":"open","ping_status":"open","sticky":false,"template":"","format":"standard","meta":{"_crdt_document":"","footnotes":""},"categories":[1],"tags":[],"class_list":["post-90075","post","type-post","status-publish","format-standard","has-post-thumbnail","hentry","category-guncel"],"_links":{"self":[{"href":"https:\/\/www.egemtv.com\/index.php?rest_route=\/wp\/v2\/posts\/90075","targetHints":{"allow":["GET"]}}],"collection":[{"href":"https:\/\/www.egemtv.com\/index.php?rest_route=\/wp\/v2\/posts"}],"about":[{"href":"https:\/\/www.egemtv.com\/index.php?rest_route=\/wp\/v2\/types\/post"}],"author":[{"embeddable":true,"href":"https:\/\/www.egemtv.com\/index.php?rest_route=\/wp\/v2\/users\/1"}],"replies":[{"embeddable":true,"href":"https:\/\/www.egemtv.com\/index.php?rest_route=%2Fwp%2Fv2%2Fcomments&post=90075"}],"version-history":[{"count":1,"href":"https:\/\/www.egemtv.com\/index.php?rest_route=\/wp\/v2\/posts\/90075\/revisions"}],"predecessor-version":[{"id":90077,"href":"https:\/\/www.egemtv.com\/index.php?rest_route=\/wp\/v2\/posts\/90075\/revisions\/90077"}],"wp:featuredmedia":[{"embeddable":true,"href":"https:\/\/www.egemtv.com\/index.php?rest_route=\/wp\/v2\/media\/90076"}],"wp:attachment":[{"href":"https:\/\/www.egemtv.com\/index.php?rest_route=%2Fwp%2Fv2%2Fmedia&parent=90075"}],"wp:term":[{"taxonomy":"category","embeddable":true,"href":"https:\/\/www.egemtv.com\/index.php?rest_route=%2Fwp%2Fv2%2Fcategories&post=90075"},{"taxonomy":"post_tag","embeddable":true,"href":"https:\/\/www.egemtv.com\/index.php?rest_route=%2Fwp%2Fv2%2Ftags&post=90075"}],"curies":[{"name":"wp","href":"https:\/\/api.w.org\/{rel}","templated":true}]}}