{"id":90072,"date":"2026-02-24T13:36:00","date_gmt":"2026-02-24T10:36:00","guid":{"rendered":"https:\/\/www.egemtv.com\/?p=90072"},"modified":"2026-02-24T13:36:01","modified_gmt":"2026-02-24T10:36:01","slug":"kuruyemis-fabrikasinda-korkutan-yangin","status":"publish","type":"post","link":"https:\/\/www.egemtv.com\/?p=90072","title":{"rendered":"Kuruyemi\u015f fabrikas\u0131nda korkutan yang\u0131n"},"content":{"rendered":"<p>Denizli\u2019nin Serinhisar il\u00e7esinde bulunan kuruyemi\u015f fabrikas\u0131nda \u00e7\u0131kan yang\u0131n, itfaiye ekiplerinin uzun u\u011fra\u015flar\u0131 sonucu s\u00f6nd\u00fcr\u00fcld\u00fc. Yang\u0131nda can kayb\u0131 ve yaralanma ya\u015fanmazken i\u015f yerinde maddi hasar meydana geldi.<br \/>\n<br \/>Yang\u0131n, Denizli\u2019nin Serinhisar il\u00e7esi \u015eair E\u015fref Mahallesi\u2019nde faaliyet g\u00f6steren bir kuruyemi\u015f fabrikas\u0131nda meydana geldi. Edinilen bilgilere g\u00f6re, fabrikadan y\u00fckselen dumanlar\u0131 fark eden vatanda\u015flar durumu 112 Acil \u00c7a\u011fr\u0131 Merkezi\u2019ne bildirdi. \u0130hbar \u00fczerine b\u00f6lgeye \u00e7ok say\u0131da itfaiye ve polis ekibi sevk edildi. Olay yerine gelen itfaiye ekipleri, fabrikada \u00e7\u0131kan yang\u0131na k\u0131sa s\u00fcrede m\u00fcdahale etti. Ekiplerin uzun s\u00fcren \u00e7al\u0131\u015fmalar\u0131 sonucu yang\u0131n kontrol alt\u0131na al\u0131narak tamamen s\u00f6nd\u00fcr\u00fcld\u00fc. Yang\u0131nda herhangi bir can kayb\u0131 veya yaralanma ya\u015fanmazken, fabrikada maddi hasar olu\u015ftu\u011fu \u00f6\u011frenildi. Polis ve itfaiye ekipleri yang\u0131n\u0131n \u00e7\u0131k\u0131\u015f nedenine ili\u015fkin inceleme ba\u015flatt\u0131.<br \/><\/p>\n","protected":false},"excerpt":{"rendered":"<p>Denizli\u2019nin Serinhisar il\u00e7esinde bulunan kuruyemi\u015f fabrikas\u0131nda \u00e7\u0131kan yang\u0131n, itfaiye ekiplerinin uzun u\u011fra\u015flar\u0131 sonucu s\u00f6nd\u00fcr\u00fcld\u00fc. Yang\u0131nda can kayb\u0131 ve yaralanma ya\u015fanmazken i\u015f yerinde maddi hasar meydana geldi. Yang\u0131n, Denizli\u2019nin Serinhisar il\u00e7esi \u015eair E\u015fref Mahallesi\u2019nde faaliyet g\u00f6steren bir kuruyemi\u015f fabrikas\u0131nda meydana geldi. Edinilen bilgilere g\u00f6re, fabrikadan y\u00fckselen dumanlar\u0131 fark eden vatanda\u015flar durumu 112 Acil \u00c7a\u011fr\u0131 Merkezi\u2019ne bildirdi&#8230;.<\/p>\n","protected":false},"author":1,"featured_media":90073,"comment_status":"open","ping_status":"open","sticky":false,"template":"","format":"standard","meta":{"_crdt_document":"","footnotes":""},"categories":[5],"tags":[],"class_list":["post-90072","post","type-post","status-publish","format-standard","has-post-thumbnail","hentry","category-asayis"],"_links":{"self":[{"href":"https:\/\/www.egemtv.com\/index.php?rest_route=\/wp\/v2\/posts\/90072","targetHints":{"allow":["GET"]}}],"collection":[{"href":"https:\/\/www.egemtv.com\/index.php?rest_route=\/wp\/v2\/posts"}],"about":[{"href":"https:\/\/www.egemtv.com\/index.php?rest_route=\/wp\/v2\/types\/post"}],"author":[{"embeddable":true,"href":"https:\/\/www.egemtv.com\/index.php?rest_route=\/wp\/v2\/users\/1"}],"replies":[{"embeddable":true,"href":"https:\/\/www.egemtv.com\/index.php?rest_route=%2Fwp%2Fv2%2Fcomments&post=90072"}],"version-history":[{"count":1,"href":"https:\/\/www.egemtv.com\/index.php?rest_route=\/wp\/v2\/posts\/90072\/revisions"}],"predecessor-version":[{"id":90074,"href":"https:\/\/www.egemtv.com\/index.php?rest_route=\/wp\/v2\/posts\/90072\/revisions\/90074"}],"wp:featuredmedia":[{"embeddable":true,"href":"https:\/\/www.egemtv.com\/index.php?rest_route=\/wp\/v2\/media\/90073"}],"wp:attachment":[{"href":"https:\/\/www.egemtv.com\/index.php?rest_route=%2Fwp%2Fv2%2Fmedia&parent=90072"}],"wp:term":[{"taxonomy":"category","embeddable":true,"href":"https:\/\/www.egemtv.com\/index.php?rest_route=%2Fwp%2Fv2%2Fcategories&post=90072"},{"taxonomy":"post_tag","embeddable":true,"href":"https:\/\/www.egemtv.com\/index.php?rest_route=%2Fwp%2Fv2%2Ftags&post=90072"}],"curies":[{"name":"wp","href":"https:\/\/api.w.org\/{rel}","templated":true}]}}