{"id":90069,"date":"2026-02-24T13:14:56","date_gmt":"2026-02-24T10:14:56","guid":{"rendered":"https:\/\/www.egemtv.com\/?p=90069"},"modified":"2026-02-24T13:14:57","modified_gmt":"2026-02-24T10:14:57","slug":"baskan-guler-iftarlarda-vatandaslarla-bulusuyor","status":"publish","type":"post","link":"https:\/\/www.egemtv.com\/?p=90069","title":{"rendered":"Ba\u015fkan G\u00fcler, iftarlarda vatanda\u015flarla bulu\u015fuyor"},"content":{"rendered":"<p>K\u00f6\u015fk Belediye Ba\u015fkan\u0131 Nuri G\u00fcler, Ramazan ay\u0131n\u0131n manevi atmosferini hem\u015fehrileri ile birlikte ya\u015famaya devam ediyor.<\/p>\n<p>\u0130l\u00e7e genelinde d\u00fczenlenen toplu iftar programlar\u0131na kat\u0131lan Ba\u015fkan G\u00fcler, vatanda\u015flarla ayn\u0131 sofrada orucunu a\u00e7arak birlik ve beraberlik mesaj\u0131 veriyor. Ramazan ay\u0131 boyunca mahallelerde ger\u00e7ekle\u015ftirilen iftar organizasyonlar\u0131nda vatanda\u015flarla yak\u0131ndan ilgilenen Ba\u015fkan G\u00fcler, masalar\u0131 tek tek dola\u015farak hem\u015fehrileriyle sohbet ediyor. Yo\u011fun kat\u0131l\u0131mla ger\u00e7ekle\u015fen programlarda payla\u015fman\u0131n ve dayan\u0131\u015fman\u0131n \u00f6nemine dikkat \u00e7ekiliyor. Toplu iftarlar\u0131n yan\u0131 s\u0131ra vatanda\u015flar\u0131n evlerine de konuk olan Ba\u015fkan G\u00fcler, ailelerin sofralar\u0131na misafir oluyor. Samimi ortamda ger\u00e7ekle\u015fen ziyaretlerde Ramazan\u2019\u0131n bereketi ve karde\u015flik ruhu \u00f6n plana \u00e7\u0131k\u0131yor. Ev ziyaretlerinde G\u00fcler, ailelere hay\u0131rl\u0131 Ramazanlar dileklerini iletiyor. Ramazan ay\u0131n\u0131n payla\u015fma ve dayan\u0131\u015fma ay\u0131 oldu\u011funu vurgulayan Ba\u015fkan G\u00fcler, &#8220;Bu m\u00fcbarek ayda hem\u015fehrilerimizle ayn\u0131 sofray\u0131 payla\u015fmak bizler i\u00e7in b\u00fcy\u00fck bir mutluluk. Birli\u011fimizi ve beraberli\u011fimizi g\u00fc\u00e7lendirmeye devam edece\u011fiz&#8221; ifadelerini kulland\u0131.<br \/><\/p>\n","protected":false},"excerpt":{"rendered":"<p>K\u00f6\u015fk Belediye Ba\u015fkan\u0131 Nuri G\u00fcler, Ramazan ay\u0131n\u0131n manevi atmosferini hem\u015fehrileri ile birlikte ya\u015famaya devam ediyor. \u0130l\u00e7e genelinde d\u00fczenlenen toplu iftar programlar\u0131na kat\u0131lan Ba\u015fkan G\u00fcler, vatanda\u015flarla ayn\u0131 sofrada orucunu a\u00e7arak birlik ve beraberlik mesaj\u0131 veriyor. Ramazan ay\u0131 boyunca mahallelerde ger\u00e7ekle\u015ftirilen iftar organizasyonlar\u0131nda vatanda\u015flarla yak\u0131ndan ilgilenen Ba\u015fkan G\u00fcler, masalar\u0131 tek tek dola\u015farak hem\u015fehrileriyle sohbet ediyor. Yo\u011fun kat\u0131l\u0131mla&#8230;<\/p>\n","protected":false},"author":1,"featured_media":90070,"comment_status":"open","ping_status":"open","sticky":false,"template":"","format":"standard","meta":{"_crdt_document":"","footnotes":""},"categories":[1],"tags":[],"class_list":["post-90069","post","type-post","status-publish","format-standard","has-post-thumbnail","hentry","category-guncel"],"_links":{"self":[{"href":"https:\/\/www.egemtv.com\/index.php?rest_route=\/wp\/v2\/posts\/90069","targetHints":{"allow":["GET"]}}],"collection":[{"href":"https:\/\/www.egemtv.com\/index.php?rest_route=\/wp\/v2\/posts"}],"about":[{"href":"https:\/\/www.egemtv.com\/index.php?rest_route=\/wp\/v2\/types\/post"}],"author":[{"embeddable":true,"href":"https:\/\/www.egemtv.com\/index.php?rest_route=\/wp\/v2\/users\/1"}],"replies":[{"embeddable":true,"href":"https:\/\/www.egemtv.com\/index.php?rest_route=%2Fwp%2Fv2%2Fcomments&post=90069"}],"version-history":[{"count":1,"href":"https:\/\/www.egemtv.com\/index.php?rest_route=\/wp\/v2\/posts\/90069\/revisions"}],"predecessor-version":[{"id":90071,"href":"https:\/\/www.egemtv.com\/index.php?rest_route=\/wp\/v2\/posts\/90069\/revisions\/90071"}],"wp:featuredmedia":[{"embeddable":true,"href":"https:\/\/www.egemtv.com\/index.php?rest_route=\/wp\/v2\/media\/90070"}],"wp:attachment":[{"href":"https:\/\/www.egemtv.com\/index.php?rest_route=%2Fwp%2Fv2%2Fmedia&parent=90069"}],"wp:term":[{"taxonomy":"category","embeddable":true,"href":"https:\/\/www.egemtv.com\/index.php?rest_route=%2Fwp%2Fv2%2Fcategories&post=90069"},{"taxonomy":"post_tag","embeddable":true,"href":"https:\/\/www.egemtv.com\/index.php?rest_route=%2Fwp%2Fv2%2Ftags&post=90069"}],"curies":[{"name":"wp","href":"https:\/\/api.w.org\/{rel}","templated":true}]}}