{"id":90066,"date":"2026-02-24T13:14:55","date_gmt":"2026-02-24T10:14:55","guid":{"rendered":"https:\/\/www.egemtv.com\/?p=90066"},"modified":"2026-02-24T13:14:56","modified_gmt":"2026-02-24T10:14:56","slug":"yalvac-cumhuriyet-bassavciligindan-alkollu-surucuye-12-saatte-hukum","status":"publish","type":"post","link":"https:\/\/www.egemtv.com\/?p=90066","title":{"rendered":"Yalva\u00e7 Cumhuriyet Ba\u015fsavc\u0131l\u0131\u011f\u0131\u2019ndan alkoll\u00fc s\u00fcr\u00fcc\u00fcye 12 saatte h\u00fck\u00fcm"},"content":{"rendered":"<p>Yalva\u00e7\u2019ta alkoll\u00fc ara\u00e7 kullanarak trafik ve yaya g\u00fcvenli\u011fini tehlikeye sokan s\u00fcr\u00fcc\u00fcler, seri yarg\u0131lama usul\u00fc kapsam\u0131nda ayn\u0131 g\u00fcn hakim kar\u015f\u0131s\u0131na \u00e7\u0131kar\u0131l\u0131yor. Su\u00e7un tespitinden itibaren yakla\u015f\u0131k 12 saat i\u00e7inde karar veriliyor.<br \/>\n<br \/>Yalva\u00e7 Cumhuriyet Ba\u015fsavc\u0131l\u0131\u011f\u0131 taraf\u0131ndan alkoll\u00fc ara\u00e7 kullanarak trafik ve yayalar\u0131n g\u00fcvenli\u011fini tehlikeye sokan s\u00fcr\u00fcc\u00fclere y\u00f6nelik y\u00fcr\u00fct\u00fclen uygulamada, \u015f\u00fcpheliler hakk\u0131nda h\u0131zl\u0131 yarg\u0131lama s\u00fcreci i\u015fletiliyor. Gece saatlerinde alkoll\u00fc ara\u00e7 kulland\u0131\u011f\u0131 tespit edilen s\u00fcr\u00fcc\u00fcler g\u00f6zalt\u0131na al\u0131narak i\u015flemlerinin tamamlanmas\u0131n\u0131n ard\u0131ndan sabah saatlerinde adliyeye sevk ediliyor. \u015e\u00fcpheliler hakk\u0131nda Seri Yarg\u0131lama Usul\u00fc uygulanarak ayn\u0131 g\u00fcn i\u00e7erisinde yarg\u0131lama tamamlan\u0131yor ve verilen karar mahkeme onay\u0131ndan ge\u00e7erek kesinle\u015fiyor. B\u00f6ylece su\u00e7un i\u015flenmesinden itibaren yakla\u015f\u0131k 12 saat gibi k\u0131sa bir s\u00fcrede h\u00fck\u00fcm verilmi\u015f oluyor.<\/p>\n<p>Alkoll\u00fc s\u00fcr\u00fcc\u00fclere hapis ve para cezas\u0131 uyar\u0131s\u0131<br \/>\n<br \/>Alkoll\u00fc ara\u00e7 kullanman\u0131n 2 y\u0131la kadar hapis cezas\u0131 bulundu\u011fu belirtilirken, h\u00fckm\u00fcn kesinle\u015fmesinin ard\u0131ndan hapis cezas\u0131 alanlar hakk\u0131nda infaz i\u015flemleri ba\u015flat\u0131larak cezaevine teslim ediliyor. Bunun yan\u0131 s\u0131ra s\u00fcr\u00fcc\u00fclere idari para cezas\u0131 da uygulan\u0131yor.  Yalva\u00e7 Cumhuriyet Ba\u015fsavc\u0131l\u0131\u011f\u0131, vatanda\u015flar\u0131n hem cezai yapt\u0131r\u0131mlarla kar\u015f\u0131la\u015fmamas\u0131 hem de di\u011fer s\u00fcr\u00fcc\u00fc ve yayalar\u0131n can ve mal g\u00fcvenli\u011fini tehlikeye atmamas\u0131 i\u00e7in alkoll\u00fc \u015fekilde direksiyon ba\u015f\u0131na ge\u00e7memeleri gerekti\u011fi vurguland\u0131.<br \/><\/p>\n","protected":false},"excerpt":{"rendered":"<p>Yalva\u00e7\u2019ta alkoll\u00fc ara\u00e7 kullanarak trafik ve yaya g\u00fcvenli\u011fini tehlikeye sokan s\u00fcr\u00fcc\u00fcler, seri yarg\u0131lama usul\u00fc kapsam\u0131nda ayn\u0131 g\u00fcn hakim kar\u015f\u0131s\u0131na \u00e7\u0131kar\u0131l\u0131yor. Su\u00e7un tespitinden itibaren yakla\u015f\u0131k 12 saat i\u00e7inde karar veriliyor. Yalva\u00e7 Cumhuriyet Ba\u015fsavc\u0131l\u0131\u011f\u0131 taraf\u0131ndan alkoll\u00fc ara\u00e7 kullanarak trafik ve yayalar\u0131n g\u00fcvenli\u011fini tehlikeye sokan s\u00fcr\u00fcc\u00fclere y\u00f6nelik y\u00fcr\u00fct\u00fclen uygulamada, \u015f\u00fcpheliler hakk\u0131nda h\u0131zl\u0131 yarg\u0131lama s\u00fcreci i\u015fletiliyor. Gece saatlerinde alkoll\u00fc&#8230;<\/p>\n","protected":false},"author":1,"featured_media":90067,"comment_status":"open","ping_status":"open","sticky":false,"template":"","format":"standard","meta":{"_crdt_document":"","footnotes":""},"categories":[5],"tags":[],"class_list":["post-90066","post","type-post","status-publish","format-standard","has-post-thumbnail","hentry","category-asayis"],"_links":{"self":[{"href":"https:\/\/www.egemtv.com\/index.php?rest_route=\/wp\/v2\/posts\/90066","targetHints":{"allow":["GET"]}}],"collection":[{"href":"https:\/\/www.egemtv.com\/index.php?rest_route=\/wp\/v2\/posts"}],"about":[{"href":"https:\/\/www.egemtv.com\/index.php?rest_route=\/wp\/v2\/types\/post"}],"author":[{"embeddable":true,"href":"https:\/\/www.egemtv.com\/index.php?rest_route=\/wp\/v2\/users\/1"}],"replies":[{"embeddable":true,"href":"https:\/\/www.egemtv.com\/index.php?rest_route=%2Fwp%2Fv2%2Fcomments&post=90066"}],"version-history":[{"count":1,"href":"https:\/\/www.egemtv.com\/index.php?rest_route=\/wp\/v2\/posts\/90066\/revisions"}],"predecessor-version":[{"id":90068,"href":"https:\/\/www.egemtv.com\/index.php?rest_route=\/wp\/v2\/posts\/90066\/revisions\/90068"}],"wp:featuredmedia":[{"embeddable":true,"href":"https:\/\/www.egemtv.com\/index.php?rest_route=\/wp\/v2\/media\/90067"}],"wp:attachment":[{"href":"https:\/\/www.egemtv.com\/index.php?rest_route=%2Fwp%2Fv2%2Fmedia&parent=90066"}],"wp:term":[{"taxonomy":"category","embeddable":true,"href":"https:\/\/www.egemtv.com\/index.php?rest_route=%2Fwp%2Fv2%2Fcategories&post=90066"},{"taxonomy":"post_tag","embeddable":true,"href":"https:\/\/www.egemtv.com\/index.php?rest_route=%2Fwp%2Fv2%2Ftags&post=90066"}],"curies":[{"name":"wp","href":"https:\/\/api.w.org\/{rel}","templated":true}]}}