{"id":90063,"date":"2026-02-24T12:56:04","date_gmt":"2026-02-24T09:56:04","guid":{"rendered":"https:\/\/www.egemtv.com\/?p=90063"},"modified":"2026-02-24T12:56:05","modified_gmt":"2026-02-24T09:56:05","slug":"gonullu-genclerle-iftar-seferberligi","status":"publish","type":"post","link":"https:\/\/www.egemtv.com\/?p=90063","title":{"rendered":"G\u00f6n\u00fcll\u00fc gen\u00e7lerle iftar seferberli\u011fi"},"content":{"rendered":"<p>MAN\u0130SA (\u0130HA) \u2013 Manisa\u2019n\u0131n Demirci il\u00e7esinde Ramazan ay\u0131 boyunca belediye a\u015fevinde haz\u0131rlanan s\u0131cak iftar yemekleri, g\u00f6n\u00fcll\u00fc gen\u00e7lerin deste\u011fiyle her g\u00fcn 350 ihtiya\u00e7 sahibi vatanda\u015f\u0131n evine ula\u015ft\u0131r\u0131l\u0131yor; ya\u015fl\u0131 ve hastalara ise evde temizlik hizmeti sunuluyor.<br \/>\n<br \/>Manisa\u2019n\u0131n Demirci il\u00e7esinde belediye ekipleri, ihtiya\u00e7 sahibi, kimsesiz ve hasta vatanda\u015flar\u0131 ramazan ay\u0131nda da yaln\u0131z b\u0131rakm\u0131yor.<br \/>\n<br \/>Demirci Belediyesi taraf\u0131ndan y\u0131l\u0131n her g\u00fcn\u00fc s\u00fcrd\u00fcr\u00fclen s\u0131cak yemek deste\u011fi, ramazan ay\u0131yla birlikte daha kapsaml\u0131 \u015fekilde devam ediyor. Belediyeye ba\u011fl\u0131 a\u015fevinde her g\u00fcn \u00f6zenle haz\u0131rlanan 3 \u00e7e\u015fit s\u0131cak yemek, hijyenik bir ortamda \u00f6zel ambalajlarla paketleniyor.<\/p>\n<p>G\u00f6n\u00fcll\u00fc gen\u00e7ler seferber oldu<br \/>\n<br \/>Yemeklerin haz\u0131rlanmas\u0131, paketlenmesi ve evlere ula\u015ft\u0131r\u0131lmas\u0131 s\u00fcrecinde Gen\u00e7lik ve Spor \u0130l\u00e7e M\u00fcd\u00fcrl\u00fc\u011f\u00fc g\u00f6n\u00fcll\u00fc gen\u00e7leri ile E\u011fitim Fak\u00fcltesi \u00f6\u011frencileri de destek veriyor. Haz\u0131rlanan iftar yemekleri, belediye personelleri taraf\u0131ndan il\u00e7edeki 350 vatanda\u015f\u0131n evine iftar \u00f6ncesinde tek tek teslim ediliyor.<br \/>\n<br \/>\u00d6te yandan Demirci Belediyesi, sosyal belediyecilik anlay\u0131\u015f\u0131 kapsam\u0131nda yaln\u0131zca yemek deste\u011fiyle s\u0131n\u0131rl\u0131 kalm\u0131yor. Kad\u0131n personellerden olu\u015fturulan iki ayr\u0131 ekip, haftan\u0131n belirli g\u00fcnlerinde hasta ve ya\u015fl\u0131 vatanda\u015flar\u0131n evlerine giderek temizlik \u00e7al\u0131\u015fmalar\u0131 ger\u00e7ekle\u015ftiriyor.<br \/>\n<br \/>Ev temizli\u011fi hizmeti sayesinde hem hijyen \u015fartlar\u0131 iyile\u015ftiriliyor hem de vatanda\u015flar\u0131n ya\u015fam alanlar\u0131 daha sa\u011fl\u0131kl\u0131 hale getiriliyor.<\/p>\n<p>&#8220;Sosyal belediyecilik sorumlulu\u011fumuzun gere\u011fini yap\u0131yoruz&#8221;<br \/>\n<br \/>Demirci Belediye Ba\u015fkan\u0131 Erkan Kara, y\u00fcr\u00fct\u00fclen \u00e7al\u0131\u015fmalarla ilgili yapt\u0131\u011f\u0131 a\u00e7\u0131klamada dayan\u0131\u015fma ve payla\u015fma vurgusu yapt\u0131. Ba\u015fkan Kara, &#8220;Ramazan ay\u0131; birlik, beraberlik ve yard\u0131mla\u015fma ay\u0131d\u0131r. Bizler de Demirci Belediyesi olarak ihtiya\u00e7 sahibi, kimsesiz ve hasta hem\u015fehrilerimizin her zaman yan\u0131nday\u0131z. A\u015fevimizde haz\u0131rlanan s\u0131cak yemekleri y\u0131l\u0131n 365 g\u00fcn\u00fc vatanda\u015flar\u0131m\u0131z\u0131n evlerine ula\u015ft\u0131r\u0131yoruz. Ramazan ay\u0131nda ise bu hizmetimizi ayn\u0131 titizlikle s\u00fcrd\u00fcr\u00fcyoruz. Kimsenin sofras\u0131 bo\u015f kalmas\u0131n, kimse kendini yaln\u0131z hissetmesin istiyoruz&#8221; dedi.<br \/>\n<br \/>Ev temizli\u011fi hizmetine de de\u011finen Kara, &#8220;Ya\u015fl\u0131 ve hasta vatanda\u015flar\u0131m\u0131z\u0131n sadece yemek ihtiyac\u0131n\u0131 de\u011fil, ya\u015fam \u015fartlar\u0131n\u0131 da \u00f6nemsiyoruz. Kad\u0131n personellerimizden olu\u015fturdu\u011fumuz ekiplerimizle ev temizli\u011fi deste\u011fi sa\u011fl\u0131yoruz. Sosyal belediyecilik anlay\u0131\u015f\u0131m\u0131z gere\u011fi, hem\u015fehrilerimizin hayat\u0131na dokunan hizmetler \u00fcretmeye devam edece\u011fiz&#8221; ifadelerini kulland\u0131.<br \/><\/p>\n","protected":false},"excerpt":{"rendered":"<p>MAN\u0130SA (\u0130HA) \u2013 Manisa\u2019n\u0131n Demirci il\u00e7esinde Ramazan ay\u0131 boyunca belediye a\u015fevinde haz\u0131rlanan s\u0131cak iftar yemekleri, g\u00f6n\u00fcll\u00fc gen\u00e7lerin deste\u011fiyle her g\u00fcn 350 ihtiya\u00e7 sahibi vatanda\u015f\u0131n evine ula\u015ft\u0131r\u0131l\u0131yor; ya\u015fl\u0131 ve hastalara ise evde temizlik hizmeti sunuluyor. Manisa\u2019n\u0131n Demirci il\u00e7esinde belediye ekipleri, ihtiya\u00e7 sahibi, kimsesiz ve hasta vatanda\u015flar\u0131 ramazan ay\u0131nda da yaln\u0131z b\u0131rakm\u0131yor. Demirci Belediyesi taraf\u0131ndan y\u0131l\u0131n her&#8230;<\/p>\n","protected":false},"author":1,"featured_media":90064,"comment_status":"open","ping_status":"open","sticky":false,"template":"","format":"standard","meta":{"_crdt_document":"","footnotes":""},"categories":[1],"tags":[],"class_list":["post-90063","post","type-post","status-publish","format-standard","has-post-thumbnail","hentry","category-guncel"],"_links":{"self":[{"href":"https:\/\/www.egemtv.com\/index.php?rest_route=\/wp\/v2\/posts\/90063","targetHints":{"allow":["GET"]}}],"collection":[{"href":"https:\/\/www.egemtv.com\/index.php?rest_route=\/wp\/v2\/posts"}],"about":[{"href":"https:\/\/www.egemtv.com\/index.php?rest_route=\/wp\/v2\/types\/post"}],"author":[{"embeddable":true,"href":"https:\/\/www.egemtv.com\/index.php?rest_route=\/wp\/v2\/users\/1"}],"replies":[{"embeddable":true,"href":"https:\/\/www.egemtv.com\/index.php?rest_route=%2Fwp%2Fv2%2Fcomments&post=90063"}],"version-history":[{"count":1,"href":"https:\/\/www.egemtv.com\/index.php?rest_route=\/wp\/v2\/posts\/90063\/revisions"}],"predecessor-version":[{"id":90065,"href":"https:\/\/www.egemtv.com\/index.php?rest_route=\/wp\/v2\/posts\/90063\/revisions\/90065"}],"wp:featuredmedia":[{"embeddable":true,"href":"https:\/\/www.egemtv.com\/index.php?rest_route=\/wp\/v2\/media\/90064"}],"wp:attachment":[{"href":"https:\/\/www.egemtv.com\/index.php?rest_route=%2Fwp%2Fv2%2Fmedia&parent=90063"}],"wp:term":[{"taxonomy":"category","embeddable":true,"href":"https:\/\/www.egemtv.com\/index.php?rest_route=%2Fwp%2Fv2%2Fcategories&post=90063"},{"taxonomy":"post_tag","embeddable":true,"href":"https:\/\/www.egemtv.com\/index.php?rest_route=%2Fwp%2Fv2%2Ftags&post=90063"}],"curies":[{"name":"wp","href":"https:\/\/api.w.org\/{rel}","templated":true}]}}