{"id":90060,"date":"2026-02-24T12:56:03","date_gmt":"2026-02-24T09:56:03","guid":{"rendered":"https:\/\/www.egemtv.com\/?p=90060"},"modified":"2026-02-24T12:56:04","modified_gmt":"2026-02-24T09:56:04","slug":"aydin-buyuksehirden-iftar-yemegi-aciklamasi","status":"publish","type":"post","link":"https:\/\/www.egemtv.com\/?p=90060","title":{"rendered":"Ayd\u0131n B\u00fcy\u00fck\u015fehir\u2019den iftar yeme\u011fi a\u00e7\u0131klamas\u0131"},"content":{"rendered":"<p>Ayd\u0131n B\u00fcy\u00fck\u015fehir Belediyesi, Ramazan ay\u0131 boyunca 17 il\u00e7ede kurulan iftar sofralar\u0131nda verilen yemeklerin, g\u0131da m\u00fchendisleri kontrol\u00fcnde, hijyen zinciri takip edilip kontrolleri sa\u011fland\u0131ktan sonra vatanda\u015flara ula\u015ft\u0131r\u0131ld\u0131\u011f\u0131n\u0131 a\u00e7\u0131klad\u0131.<\/p>\n<p>Ayd\u0131n B\u00fcy\u00fck\u015fehir Belediyesi\u2019nden yap\u0131lan yaz\u0131l\u0131 a\u00e7\u0131klamada, &#8220;Bug\u00fcn TMMOB Ayd\u0131n \u0130l Koordinasyon Kurulu taraf\u0131ndan yay\u0131mlanan bas\u0131n a\u00e7\u0131klamas\u0131nda Ramazan ay\u0131 vesilesiyle ilimizin d\u00f6rt bir yan\u0131nda kurulmakta olan iftar sofralar\u0131m\u0131z ile ilgili ger\u00e7e\u011fe ayk\u0131r\u0131, manip\u00fclatif bir tak\u0131m ifadelerin kullan\u0131ld\u0131\u011f\u0131 g\u00f6r\u00fclm\u00fc\u015f olup, a\u015fa\u011f\u0131daki a\u00e7\u0131klaman\u0131n yap\u0131lmas\u0131 gereklili\u011fi ortaya \u00e7\u0131km\u0131\u015ft\u0131r. \u00d6ncelikle bilinmelidir ki; Belediyemiz 17 y\u0131ld\u0131r hizmet veren end\u00fcstriyel yemek fabrikas\u0131nda, 12 ay boyunca s\u0131cak yemek \u00fcretmektedir. Kurumumuz bu \u00fcretim s\u00fcreci ile ilgili t\u00fcm yasal izinlere sahip olup, ilgili kurumlar taraf\u0131ndan da d\u00fczenli olarak denetlenmektedir. G\u0131da m\u00fchendislerimizin kontrol\u00fcnde end\u00fcstriyel yemek fabrikam\u0131zda \u00fcretilen t\u00fcm yemekler, \u015fahit numuneleri de al\u0131nmak suretiyle hijyen zinciri takip edilerek, ekipman kontrol\u00fc ve sanitasyon uygulamalar\u0131 yap\u0131larak halk\u0131m\u0131za ula\u015ft\u0131r\u0131lmaktad\u0131r. Ayd\u0131n B\u00fcy\u00fck\u015fehir Belediyesi; \u00fclkemizde ve ilimizde iftar sofralar\u0131 kuran y\u00fczlerce yerel y\u00f6netim gibi; &#8220;Ramazan payla\u015fmakt\u0131r&#8221; d\u00fcsturundan yola \u00e7\u0131karak vatanda\u015flar\u0131m\u0131z\u0131 ayn\u0131 sofrada bulu\u015fturmak, milli birli\u011fimizi artt\u0131rmak, Ramazan ay\u0131n\u0131n manevi iklimini ya\u015fatmak amac\u0131yla; Ramazan ay\u0131 boyunca her g\u00fcn farkl\u0131 noktalarda, belirlenen program takviminde 17 il\u00e7emizin tamam\u0131nda y\u00fczlerce iftar sofras\u0131 kurmaktad\u0131r. Bu vesileyle; TMMOB Ayd\u0131n \u0130l Koordinasyon Kurulu\u2019nun halk\u0131m\u0131z\u0131 yan\u0131ltmaya, belediyemizi karalamaya y\u00f6nelik bu a\u00e7\u0131klamalar\u0131 kar\u015f\u0131s\u0131nda her t\u00fcrl\u00fc yasal hakk\u0131m\u0131z\u0131 kullanaca\u011f\u0131m\u0131z\u0131 da kamuoyuna sayg\u0131lar\u0131m\u0131zla duyuruyoruz&#8221; denildi.<br \/><\/p>\n","protected":false},"excerpt":{"rendered":"<p>Ayd\u0131n B\u00fcy\u00fck\u015fehir Belediyesi, Ramazan ay\u0131 boyunca 17 il\u00e7ede kurulan iftar sofralar\u0131nda verilen yemeklerin, g\u0131da m\u00fchendisleri kontrol\u00fcnde, hijyen zinciri takip edilip kontrolleri sa\u011fland\u0131ktan sonra vatanda\u015flara ula\u015ft\u0131r\u0131ld\u0131\u011f\u0131n\u0131 a\u00e7\u0131klad\u0131. Ayd\u0131n B\u00fcy\u00fck\u015fehir Belediyesi\u2019nden yap\u0131lan yaz\u0131l\u0131 a\u00e7\u0131klamada, &#8220;Bug\u00fcn TMMOB Ayd\u0131n \u0130l Koordinasyon Kurulu taraf\u0131ndan yay\u0131mlanan bas\u0131n a\u00e7\u0131klamas\u0131nda Ramazan ay\u0131 vesilesiyle ilimizin d\u00f6rt bir yan\u0131nda kurulmakta olan iftar sofralar\u0131m\u0131z ile ilgili&#8230;<\/p>\n","protected":false},"author":1,"featured_media":90061,"comment_status":"open","ping_status":"open","sticky":false,"template":"","format":"standard","meta":{"_crdt_document":"","footnotes":""},"categories":[1],"tags":[],"class_list":["post-90060","post","type-post","status-publish","format-standard","has-post-thumbnail","hentry","category-guncel"],"_links":{"self":[{"href":"https:\/\/www.egemtv.com\/index.php?rest_route=\/wp\/v2\/posts\/90060","targetHints":{"allow":["GET"]}}],"collection":[{"href":"https:\/\/www.egemtv.com\/index.php?rest_route=\/wp\/v2\/posts"}],"about":[{"href":"https:\/\/www.egemtv.com\/index.php?rest_route=\/wp\/v2\/types\/post"}],"author":[{"embeddable":true,"href":"https:\/\/www.egemtv.com\/index.php?rest_route=\/wp\/v2\/users\/1"}],"replies":[{"embeddable":true,"href":"https:\/\/www.egemtv.com\/index.php?rest_route=%2Fwp%2Fv2%2Fcomments&post=90060"}],"version-history":[{"count":1,"href":"https:\/\/www.egemtv.com\/index.php?rest_route=\/wp\/v2\/posts\/90060\/revisions"}],"predecessor-version":[{"id":90062,"href":"https:\/\/www.egemtv.com\/index.php?rest_route=\/wp\/v2\/posts\/90060\/revisions\/90062"}],"wp:featuredmedia":[{"embeddable":true,"href":"https:\/\/www.egemtv.com\/index.php?rest_route=\/wp\/v2\/media\/90061"}],"wp:attachment":[{"href":"https:\/\/www.egemtv.com\/index.php?rest_route=%2Fwp%2Fv2%2Fmedia&parent=90060"}],"wp:term":[{"taxonomy":"category","embeddable":true,"href":"https:\/\/www.egemtv.com\/index.php?rest_route=%2Fwp%2Fv2%2Fcategories&post=90060"},{"taxonomy":"post_tag","embeddable":true,"href":"https:\/\/www.egemtv.com\/index.php?rest_route=%2Fwp%2Fv2%2Ftags&post=90060"}],"curies":[{"name":"wp","href":"https:\/\/api.w.org\/{rel}","templated":true}]}}