{"id":90054,"date":"2026-02-24T12:35:46","date_gmt":"2026-02-24T09:35:46","guid":{"rendered":"https:\/\/www.egemtv.com\/?p=90054"},"modified":"2026-02-24T12:35:47","modified_gmt":"2026-02-24T09:35:47","slug":"sarigolde-37-vergi-haftasi-kutlandi","status":"publish","type":"post","link":"https:\/\/www.egemtv.com\/?p=90054","title":{"rendered":"Sar\u0131g\u00f6l\u2019de 37. Vergi Haftas\u0131 kutland\u0131"},"content":{"rendered":"<p>Manisa\u2019n\u0131n Sar\u0131g\u00f6l il\u00e7esinde 37. Vergi Haftas\u0131 \u00e7e\u015fitli etkinliklerle kutland\u0131.<br \/>\n<br \/>Her y\u0131l 23 \u015eubat &#8211; 1 Mart tarihleri aras\u0131nda kutlanan 37. Vergi Haftas\u0131 etkinlikleri kapsam\u0131nda Sar\u0131g\u00f6l Vergi Dairesi M\u00fcd\u00fcr Vekili Faruk \u00d6zdemir ve beraberindeki personel, Sar\u0131g\u00f6l Kaymakam\u0131 Halil Dalak\u2019\u0131 makam\u0131nda ziyaret etti.<br \/>\n<br \/>Ger\u00e7ekle\u015ftirilen ziyarette il\u00e7edeki vergi \u00e7al\u0131\u015fmalar\u0131 ve vergi bilincinin art\u0131r\u0131lmas\u0131na y\u00f6nelik faaliyetler ele al\u0131nd\u0131.<br \/>\n<br \/>Kaymakam Halil Dalak, vergilerin kamu hizmetlerinin y\u00fcr\u00fct\u00fclmesinde b\u00fcy\u00fck \u00f6nem ta\u015f\u0131d\u0131\u011f\u0131n\u0131 belirterek, &#8220;Vergi, devletimizin vatanda\u015flar\u0131m\u0131za sundu\u011fu hizmetlerin en \u00f6nemli kayna\u011f\u0131d\u0131r. Bu bilin\u00e7le hareket edilmesi b\u00fcy\u00fck \u00f6nem ta\u015f\u0131maktad\u0131r. 37. Vergi Haftas\u0131\u2019n\u0131 kutluyor, t\u00fcm vergi dairesi \u00e7al\u0131\u015fanlar\u0131na \u00e7al\u0131\u015fmalar\u0131nda ba\u015far\u0131lar diliyorum.&#8221; dedi.<br \/>\n<br \/>Ziyaret sonunda Sar\u0131g\u00f6l Vergi Dairesi M\u00fcd\u00fcr Vekili Faruk \u00d6zdemir taraf\u0131ndan Kaymakam Dalak\u2019a Vergi Haftas\u0131 dolay\u0131s\u0131yla plaket ve \u00e7i\u00e7ek takdim edildi.<br \/><\/p>\n","protected":false},"excerpt":{"rendered":"<p>Manisa\u2019n\u0131n Sar\u0131g\u00f6l il\u00e7esinde 37. Vergi Haftas\u0131 \u00e7e\u015fitli etkinliklerle kutland\u0131. Her y\u0131l 23 \u015eubat &#8211; 1 Mart tarihleri aras\u0131nda kutlanan 37. Vergi Haftas\u0131 etkinlikleri kapsam\u0131nda Sar\u0131g\u00f6l Vergi Dairesi M\u00fcd\u00fcr Vekili Faruk \u00d6zdemir ve beraberindeki personel, Sar\u0131g\u00f6l Kaymakam\u0131 Halil Dalak\u2019\u0131 makam\u0131nda ziyaret etti. Ger\u00e7ekle\u015ftirilen ziyarette il\u00e7edeki vergi \u00e7al\u0131\u015fmalar\u0131 ve vergi bilincinin art\u0131r\u0131lmas\u0131na y\u00f6nelik faaliyetler ele al\u0131nd\u0131. Kaymakam&#8230;<\/p>\n","protected":false},"author":1,"featured_media":90055,"comment_status":"open","ping_status":"open","sticky":false,"template":"","format":"standard","meta":{"_crdt_document":"","footnotes":""},"categories":[125],"tags":[],"class_list":["post-90054","post","type-post","status-publish","format-standard","has-post-thumbnail","hentry","category-ekonomi"],"_links":{"self":[{"href":"https:\/\/www.egemtv.com\/index.php?rest_route=\/wp\/v2\/posts\/90054","targetHints":{"allow":["GET"]}}],"collection":[{"href":"https:\/\/www.egemtv.com\/index.php?rest_route=\/wp\/v2\/posts"}],"about":[{"href":"https:\/\/www.egemtv.com\/index.php?rest_route=\/wp\/v2\/types\/post"}],"author":[{"embeddable":true,"href":"https:\/\/www.egemtv.com\/index.php?rest_route=\/wp\/v2\/users\/1"}],"replies":[{"embeddable":true,"href":"https:\/\/www.egemtv.com\/index.php?rest_route=%2Fwp%2Fv2%2Fcomments&post=90054"}],"version-history":[{"count":1,"href":"https:\/\/www.egemtv.com\/index.php?rest_route=\/wp\/v2\/posts\/90054\/revisions"}],"predecessor-version":[{"id":90056,"href":"https:\/\/www.egemtv.com\/index.php?rest_route=\/wp\/v2\/posts\/90054\/revisions\/90056"}],"wp:featuredmedia":[{"embeddable":true,"href":"https:\/\/www.egemtv.com\/index.php?rest_route=\/wp\/v2\/media\/90055"}],"wp:attachment":[{"href":"https:\/\/www.egemtv.com\/index.php?rest_route=%2Fwp%2Fv2%2Fmedia&parent=90054"}],"wp:term":[{"taxonomy":"category","embeddable":true,"href":"https:\/\/www.egemtv.com\/index.php?rest_route=%2Fwp%2Fv2%2Fcategories&post=90054"},{"taxonomy":"post_tag","embeddable":true,"href":"https:\/\/www.egemtv.com\/index.php?rest_route=%2Fwp%2Fv2%2Ftags&post=90054"}],"curies":[{"name":"wp","href":"https:\/\/api.w.org\/{rel}","templated":true}]}}