{"id":90048,"date":"2026-02-24T11:55:47","date_gmt":"2026-02-24T08:55:47","guid":{"rendered":"https:\/\/www.egemtv.com\/?p=90048"},"modified":"2026-02-24T11:55:48","modified_gmt":"2026-02-24T08:55:48","slug":"kutahyada-4-6-yas-kuran-kursu-ogrencileri-istiklal-marsi-yarismasinda-dereceye-girdi","status":"publish","type":"post","link":"https:\/\/www.egemtv.com\/?p=90048","title":{"rendered":"K\u00fctahya\u2019da 4-6 ya\u015f Kur\u2019an Kursu \u00f6\u011frencileri \u0130stiklal Mar\u015f\u0131 Yar\u0131\u015fmas\u0131\u2019nda dereceye girdi"},"content":{"rendered":"<p>\u0130stiklal Mar\u015f\u0131\u2019n\u0131n kabul\u00fc ve Mehmet Akif Ersoy\u2019u Anma Haftas\u0131 kapsam\u0131nda, K\u00fctahya \u0130l Milli E\u011fitim M\u00fcd\u00fcrl\u00fc\u011f\u00fc taraf\u0131ndan &#8220;\u0130stiklal Mar\u015f\u0131\u2019n\u0131n On K\u0131tas\u0131n\u0131 Ezberden Okuma Yar\u0131\u015fmas\u0131&#8221; d\u00fczenlendi.<br \/>\n<br \/>Yar\u0131\u015fmada, Selimiye 4-6 Ya\u015f Kur\u2019an Kursu \u00f6\u011frencisi Ceylin Naz \u00d6zalt\u0131n birinci olurken, Nuruosmaniye 4-6 Ya\u015f Kur\u2019an Kursu \u00f6\u011frencisi Zeynep Ela D\u00fcndar ise \u00fc\u00e7\u00fcnc\u00fc oldu.<br \/>\n<br \/>Dereceye giren \u00f6\u011frenciler, K\u00fctahya M\u00fcft\u00fcl\u00fc\u011f\u00fc taraf\u0131ndan d\u00fczenlenen t\u00f6rende \u0130l M\u00fcft\u00fcs\u00fc \u0130rfan A\u00e7\u0131k taraf\u0131ndan \u00f6d\u00fcllendirildi. Dr. A\u00e7\u0131k, \u00f6\u011frencileri tebrik ederek ba\u015far\u0131lar\u0131n\u0131n devam\u0131n\u0131 diledi.<br \/>\n<br \/>Ayr\u0131ca m\u00fcft\u00fcl\u00fc\u011fe ba\u011fl\u0131 11 adet 4-6 ya\u015f Kur\u2019an kursundan yar\u0131\u015fmaya kat\u0131lan t\u00fcm \u00f6\u011frenci ve \u00f6\u011freticilere de te\u015fekk\u00fcr eden \u0130l M\u00fcft\u00fcs\u00fc A\u00e7\u0131k, g\u00f6sterilen gayret ve katk\u0131lardan dolay\u0131 memnuniyetini ifade etti.<br \/><\/p>\n","protected":false},"excerpt":{"rendered":"<p>\u0130stiklal Mar\u015f\u0131\u2019n\u0131n kabul\u00fc ve Mehmet Akif Ersoy\u2019u Anma Haftas\u0131 kapsam\u0131nda, K\u00fctahya \u0130l Milli E\u011fitim M\u00fcd\u00fcrl\u00fc\u011f\u00fc taraf\u0131ndan &#8220;\u0130stiklal Mar\u015f\u0131\u2019n\u0131n On K\u0131tas\u0131n\u0131 Ezberden Okuma Yar\u0131\u015fmas\u0131&#8221; d\u00fczenlendi. Yar\u0131\u015fmada, Selimiye 4-6 Ya\u015f Kur\u2019an Kursu \u00f6\u011frencisi Ceylin Naz \u00d6zalt\u0131n birinci olurken, Nuruosmaniye 4-6 Ya\u015f Kur\u2019an Kursu \u00f6\u011frencisi Zeynep Ela D\u00fcndar ise \u00fc\u00e7\u00fcnc\u00fc oldu. Dereceye giren \u00f6\u011frenciler, K\u00fctahya M\u00fcft\u00fcl\u00fc\u011f\u00fc taraf\u0131ndan d\u00fczenlenen&#8230;<\/p>\n","protected":false},"author":1,"featured_media":90049,"comment_status":"open","ping_status":"open","sticky":false,"template":"","format":"standard","meta":{"_crdt_document":"","footnotes":""},"categories":[1],"tags":[],"class_list":["post-90048","post","type-post","status-publish","format-standard","has-post-thumbnail","hentry","category-guncel"],"_links":{"self":[{"href":"https:\/\/www.egemtv.com\/index.php?rest_route=\/wp\/v2\/posts\/90048","targetHints":{"allow":["GET"]}}],"collection":[{"href":"https:\/\/www.egemtv.com\/index.php?rest_route=\/wp\/v2\/posts"}],"about":[{"href":"https:\/\/www.egemtv.com\/index.php?rest_route=\/wp\/v2\/types\/post"}],"author":[{"embeddable":true,"href":"https:\/\/www.egemtv.com\/index.php?rest_route=\/wp\/v2\/users\/1"}],"replies":[{"embeddable":true,"href":"https:\/\/www.egemtv.com\/index.php?rest_route=%2Fwp%2Fv2%2Fcomments&post=90048"}],"version-history":[{"count":1,"href":"https:\/\/www.egemtv.com\/index.php?rest_route=\/wp\/v2\/posts\/90048\/revisions"}],"predecessor-version":[{"id":90050,"href":"https:\/\/www.egemtv.com\/index.php?rest_route=\/wp\/v2\/posts\/90048\/revisions\/90050"}],"wp:featuredmedia":[{"embeddable":true,"href":"https:\/\/www.egemtv.com\/index.php?rest_route=\/wp\/v2\/media\/90049"}],"wp:attachment":[{"href":"https:\/\/www.egemtv.com\/index.php?rest_route=%2Fwp%2Fv2%2Fmedia&parent=90048"}],"wp:term":[{"taxonomy":"category","embeddable":true,"href":"https:\/\/www.egemtv.com\/index.php?rest_route=%2Fwp%2Fv2%2Fcategories&post=90048"},{"taxonomy":"post_tag","embeddable":true,"href":"https:\/\/www.egemtv.com\/index.php?rest_route=%2Fwp%2Fv2%2Ftags&post=90048"}],"curies":[{"name":"wp","href":"https:\/\/api.w.org\/{rel}","templated":true}]}}