{"id":90045,"date":"2026-02-24T11:55:47","date_gmt":"2026-02-24T08:55:47","guid":{"rendered":"https:\/\/www.egemtv.com\/?p=90045"},"modified":"2026-02-24T11:55:47","modified_gmt":"2026-02-24T08:55:47","slug":"menemen-fk-bursaspor-teknik-direktoru-mustafa-ere-tepki-gosterdi","status":"publish","type":"post","link":"https:\/\/www.egemtv.com\/?p=90045","title":{"rendered":"Menemen FK, Bursaspor Teknik Direkt\u00f6r\u00fc Mustafa Er\u2019e tepki g\u00f6sterdi"},"content":{"rendered":"<p>Menemen FK, hafta sonu oynanan Bursaspor kar\u015f\u0131la\u015fmas\u0131n\u0131n ard\u0131ndan konuk ekibin teknik direkt\u00f6r\u00fc Mustafa Er\u2019in ma\u00e7 sonu a\u00e7\u0131klamalar\u0131na tepki g\u00f6steren bir payla\u015f\u0131m yapt\u0131.<br \/>\n<br \/>TFF 2. Lig K\u0131rm\u0131z\u0131 Grup ekiplerinden Menemen FK, hafta sonu \u015fampiyonluk m\u00fccadelesi veren Bursaspor\u2019u a\u011f\u0131rlad\u0131. M\u00fccadele konuk ekibin 3-1\u2019lik \u00fcst\u00fcnl\u00fc\u011f\u00fcyle sona erdi. Kar\u015f\u0131la\u015fman\u0131n ard\u0131ndan a\u00e7\u0131klamalarda bulunan Bursaspor Teknik Direkt\u00f6r\u00fc Mustafa Er\u2019in s\u00f6zlerine Menemen FK de sosyal medya hesaplar\u0131ndan yaz\u0131l\u0131 bir a\u00e7\u0131klama yaparak cevap verdi.<br \/>\n<br \/>Menemen FK\u2019nin a\u00e7\u0131klamas\u0131 \u015f\u00f6yle:<\/p>\n<p>&#8220;Bursaspor Teknik Direkt\u00f6r\u00fc Mustafa Er\u2019in, cumartesi g\u00fcn\u00fc oynad\u0131\u011f\u0131m\u0131z ma\u00e7 sonras\u0131 sarf etti\u011fi; \u2018Rakiplerin bize kar\u015f\u0131 sergiledi\u011fi s\u00f6ylem, eylem ve v\u00fccut dilini sa\u011fl\u0131kl\u0131 bulmuyorum. Haftaya oynanacak Kahramanmara\u015f \u0130stiklalspor &#8211; Menemen FK ma\u00e7\u0131n\u0131 \u00f6zellikle takip edece\u011fim. Bug\u00fcn g\u00f6sterilen istek, co\u015fku ve agresifli\u011fin o ma\u00e7ta da olup olmayaca\u011f\u0131n\u0131 g\u00f6rmek istiyorum.\u2019 \u015feklindeki s\u00f6zleriyle, lig yar\u0131\u015f\u0131n\u0131n \u00f6n\u00fcm\u00fczdeki haftalar\u0131nda oynanacak m\u00fcsabakalara etki etme giri\u015fimi g\u00fcl\u00fcn\u00e7 olmas\u0131n\u0131n yan\u0131nda g\u00f6z ard\u0131 edilemeyecek kadar tehlikeli bir art niyet de bar\u0131nd\u0131rmaktad\u0131r.<br \/>\n<br \/>Er\u2019in temsil etti\u011fi camian\u0131n T\u00fcrk futbolundaki yerini bir kez daha d\u00fc\u015f\u00fcnerek sarf etti\u011fi bu s\u00f6zlere tekzip niteli\u011finde bir a\u00e7\u0131klama yapmas\u0131n\u0131 beklememize ra\u011fmen, Er\u2019in b\u00f6yle bir d\u00fczeltme yapmamas\u0131 futbolumuz ad\u0131na utan\u00e7 vericidir. Unutulmamal\u0131d\u0131r ki her tak\u0131m \u00e7\u0131kt\u0131\u011f\u0131 m\u00fcsabakada galibiyet hedefler. Bir spor kar\u015f\u0131la\u015fmas\u0131nda bunun aksini d\u00fc\u015f\u00fcnmek ya da umut etmek en hafif tabirle aymazl\u0131kt\u0131r.<br \/>\n<br \/>Er\u2019in bu s\u00f6zleri, ligi yeterince analiz edemedi\u011finin bir i\u015fareti olmakla birlikte, kendisine Menemen FK\u2019n\u0131n m\u00fccadeleci futbolunun \u00f6rneklerini g\u00f6rmesi i\u00e7in sezon ba\u015f\u0131ndan bu yana oynad\u0131\u011f\u0131m\u0131z ma\u00e7lar\u0131 izlemesini \u00f6neriyoruz.<br \/>\n<br \/>Gelinen noktada Er\u2019in s\u00f6zlerini ve alt\u0131nda yatan bozuk zihniyeti, TFF nezdinde hukuk zeminine ta\u015f\u0131yaca\u011f\u0131m\u0131z\u0131 t\u00fcm spor kamuoyuna bildiririz.&#8221;<br \/><\/p>\n","protected":false},"excerpt":{"rendered":"<p>Menemen FK, hafta sonu oynanan Bursaspor kar\u015f\u0131la\u015fmas\u0131n\u0131n ard\u0131ndan konuk ekibin teknik direkt\u00f6r\u00fc Mustafa Er\u2019in ma\u00e7 sonu a\u00e7\u0131klamalar\u0131na tepki g\u00f6steren bir payla\u015f\u0131m yapt\u0131. TFF 2. Lig K\u0131rm\u0131z\u0131 Grup ekiplerinden Menemen FK, hafta sonu \u015fampiyonluk m\u00fccadelesi veren Bursaspor\u2019u a\u011f\u0131rlad\u0131. M\u00fccadele konuk ekibin 3-1\u2019lik \u00fcst\u00fcnl\u00fc\u011f\u00fcyle sona erdi. Kar\u015f\u0131la\u015fman\u0131n ard\u0131ndan a\u00e7\u0131klamalarda bulunan Bursaspor Teknik Direkt\u00f6r\u00fc Mustafa Er\u2019in s\u00f6zlerine Menemen&#8230;<\/p>\n","protected":false},"author":1,"featured_media":90046,"comment_status":"open","ping_status":"open","sticky":false,"template":"","format":"standard","meta":{"_crdt_document":"","footnotes":""},"categories":[4],"tags":[],"class_list":["post-90045","post","type-post","status-publish","format-standard","has-post-thumbnail","hentry","category-spor"],"_links":{"self":[{"href":"https:\/\/www.egemtv.com\/index.php?rest_route=\/wp\/v2\/posts\/90045","targetHints":{"allow":["GET"]}}],"collection":[{"href":"https:\/\/www.egemtv.com\/index.php?rest_route=\/wp\/v2\/posts"}],"about":[{"href":"https:\/\/www.egemtv.com\/index.php?rest_route=\/wp\/v2\/types\/post"}],"author":[{"embeddable":true,"href":"https:\/\/www.egemtv.com\/index.php?rest_route=\/wp\/v2\/users\/1"}],"replies":[{"embeddable":true,"href":"https:\/\/www.egemtv.com\/index.php?rest_route=%2Fwp%2Fv2%2Fcomments&post=90045"}],"version-history":[{"count":1,"href":"https:\/\/www.egemtv.com\/index.php?rest_route=\/wp\/v2\/posts\/90045\/revisions"}],"predecessor-version":[{"id":90047,"href":"https:\/\/www.egemtv.com\/index.php?rest_route=\/wp\/v2\/posts\/90045\/revisions\/90047"}],"wp:featuredmedia":[{"embeddable":true,"href":"https:\/\/www.egemtv.com\/index.php?rest_route=\/wp\/v2\/media\/90046"}],"wp:attachment":[{"href":"https:\/\/www.egemtv.com\/index.php?rest_route=%2Fwp%2Fv2%2Fmedia&parent=90045"}],"wp:term":[{"taxonomy":"category","embeddable":true,"href":"https:\/\/www.egemtv.com\/index.php?rest_route=%2Fwp%2Fv2%2Fcategories&post=90045"},{"taxonomy":"post_tag","embeddable":true,"href":"https:\/\/www.egemtv.com\/index.php?rest_route=%2Fwp%2Fv2%2Ftags&post=90045"}],"curies":[{"name":"wp","href":"https:\/\/api.w.org\/{rel}","templated":true}]}}