{"id":90042,"date":"2026-02-24T11:35:57","date_gmt":"2026-02-24T08:35:57","guid":{"rendered":"https:\/\/www.egemtv.com\/?p=90042"},"modified":"2026-02-24T11:35:58","modified_gmt":"2026-02-24T08:35:58","slug":"egiad-izmir-gelecegin-isgucu-haritasini-ciziyor","status":"publish","type":"post","link":"https:\/\/www.egemtv.com\/?p=90042","title":{"rendered":"EG\u0130AD \u0130zmir, gelece\u011fin i\u015fg\u00fcc\u00fc haritas\u0131n\u0131 \u00e7iziyor"},"content":{"rendered":"<p>Ege Gen\u00e7 \u0130\u015f \u0130nsanlar\u0131 Derne\u011fi (EG\u0130AD), k\u00fcresel \u00f6l\u00e7ekte h\u0131z kazanan dijitalle\u015fme, ye\u015fil d\u00f6n\u00fc\u015f\u00fcm ve toplumsal de\u011fi\u015fim s\u00fcre\u00e7lerinin i\u015fg\u00fcc\u00fc piyasalar\u0131 \u00fczerindeki etkilerini \u00e7ok boyutlu olarak de\u011ferlendirmek amac\u0131yla, &#8220;Yarat\u0131c\u0131 Y\u0131k\u0131m S\u00fcrecinde \u0130zmir-\u00dc\u00e7\u00fcz D\u00f6n\u00fc\u015f\u00fcm ile \u0130\u015fg\u00fcc\u00fc Piyasas\u0131n\u0131n Yeniden Tasar\u0131m\u0131&#8221; ba\u015fl\u0131kl\u0131 think tank \u00e7al\u0131\u015fmas\u0131 kapsam\u0131nda \u00f6nemli bir seminer ve \u00e7al\u0131\u015ftay bulu\u015fmas\u0131 ger\u00e7ekle\u015ftirdi.<br \/>\n<br \/>EG\u0130AD merkezinde d\u00fczenlenen etkinlikte; yarat\u0131c\u0131 y\u0131k\u0131m\u0131n \u0130zmir i\u015fg\u00fcc\u00fc piyasas\u0131na etkileri, d\u00f6n\u00fc\u015fen beceri ihtiya\u00e7lar\u0131, yapay zek\u00e2 ve otomasyonun istihdam yap\u0131s\u0131na yans\u0131malar\u0131 ile gelece\u011fin insan kayna\u011f\u0131 stratejileri kapsaml\u0131 bi\u00e7imde ele al\u0131nd\u0131. Program\u0131n moderasyonu, think tank \u00e7al\u0131\u015fmas\u0131n\u0131 y\u00fcr\u00fcten akademik ekipten Do\u00e7. Dr. Elif Tunal\u0131 \u00c7al\u0131\u015fkan taraf\u0131ndan ger\u00e7ekle\u015ftirildi.<br \/>\n<br \/>Etkinli\u011fin a\u00e7\u0131l\u0131\u015f konu\u015fmas\u0131n\u0131 yapan EG\u0130AD Y\u00f6netim Kurulu Ba\u015fkan\u0131 Kaan \u00d6zhelvac\u0131, EG\u0130AD\u2019\u0131n 35 y\u0131ll\u0131k yolculu\u011funda yaln\u0131zca bir i\u015f d\u00fcnyas\u0131 \u00f6rg\u00fct\u00fc de\u011fil, ayn\u0131 zamanda veri \u00fcreten ve politika \u00f6nerileri geli\u015ftiren bir d\u00fc\u015f\u00fcnce merkezi olma hedefiyle hareket etti\u011fini vurgulayarak, &#8220;Bug\u00fcn 35. y\u0131l\u0131m\u0131za ula\u015ft\u0131\u011f\u0131m\u0131z bu noktada, sadece bir sivil toplum kurulu\u015fu de\u011fil; \u015fehrimizin ve b\u00f6lgemizin ekonomik d\u00f6n\u00fc\u015f\u00fcm\u00fcne rehberlik eden bir ak\u0131l merkezi olma vizyonuyla \u00e7al\u0131\u015f\u0131yoruz. EG\u0130AD, i\u015f d\u00fcnyas\u0131n\u0131n yaln\u0131zca bug\u00fcnk\u00fc durumunu de\u011fil, yar\u0131nki varl\u0131\u011f\u0131n\u0131 da dert edinmektedir&#8221; dedi.<br \/>\n<br \/>EG\u0130AD\u2019\u0131n think tank \u00e7al\u0131\u015fmalar\u0131yla bilimsel veri \u00fcretmeyi, strateji geli\u015ftirmeyi ve b\u00f6lgesel kalk\u0131nmaya kal\u0131c\u0131 katk\u0131 sunmay\u0131 temel sorumluluk olarak g\u00f6rd\u00fc\u011f\u00fcn\u00fc belirten \u00d6zhelvac\u0131, haz\u0131rl\u0131klar\u0131 s\u00fcren raporun bu yakla\u015f\u0131m\u0131n g\u00fc\u00e7l\u00fc bir \u00e7\u0131kt\u0131s\u0131 oldu\u011funu ifade etti.<\/p>\n<p>Bir risk de\u011fil, stratejik f\u0131rsat<br \/>\n<br \/>Konu\u015fmas\u0131nda Joseph Schumpeter\u2019in &#8220;Yarat\u0131c\u0131 Y\u0131k\u0131m&#8221; kavram\u0131na de\u011finen \u00d6zhelvac\u0131, bu s\u00fcrecin do\u011fru okundu\u011funda ekonomik yenilenmenin ve inovasyon temelli b\u00fcy\u00fcmenin ana motoru oldu\u011funu belirterek, &#8220;Yarat\u0131c\u0131 y\u0131k\u0131m, eskiyen ve verimsiz yap\u0131lar\u0131n yerini daha dinamik ve katma de\u011ferli sistemlerin almas\u0131d\u0131r. Biz bu s\u00fcreci bir tehdit de\u011fil, do\u011fru y\u00f6netildi\u011finde b\u00fcy\u00fck f\u0131rsatlar bar\u0131nd\u0131ran bir yeniden do\u011fu\u015f olarak g\u00f6r\u00fcyoruz&#8221; diye konu\u015ftu.<br \/>\n<br \/>K\u00fcresel \u00f6l\u00e7ekte inovasyon ve b\u00fcy\u00fcme ili\u015fkisine odaklanan \u00e7al\u0131\u015fmalar\u0131n ekonomi literat\u00fcr\u00fcnde giderek daha fazla \u00f6nem kazand\u0131\u011f\u0131n\u0131 vurgulayan \u00d6zhelvac\u0131, EG\u0130AD\u2019\u0131n bu konuyu erken d\u00f6nemde g\u00fcndemine almas\u0131n\u0131n vizyoner bir yakla\u015f\u0131m oldu\u011funu ifade etti.<\/p>\n<p>Yapay zek\u00e2 ve \u00fc\u00e7\u00fcz d\u00f6n\u00fc\u015f\u00fcm i\u015fg\u00fcc\u00fc yap\u0131s\u0131n\u0131 yeniden tan\u0131ml\u0131yor<br \/>\n<br \/>Etkinlikte, yapay zek\u00e2, otomasyon ve ye\u015fil d\u00f6n\u00fc\u015f\u00fcm\u00fcn i\u015fg\u00fcc\u00fc piyasas\u0131 \u00fczerindeki d\u00f6n\u00fc\u015ft\u00fcr\u00fcc\u00fc etkileri veri temelli olarak ele al\u0131nd\u0131. \u00d6zhelvac\u0131, k\u00fcresel \u00f6l\u00e7ekte ya\u015fanan teknolojik d\u00f6n\u00fc\u015f\u00fcm\u00fcn yaln\u0131zca \u00fcretim bi\u00e7imlerini de\u011fil, beceri yap\u0131s\u0131n\u0131 ve rekabet stratejilerini de de\u011fi\u015ftirdi\u011fini vurgulad\u0131. \u00d6zhelvac\u0131 \u015fu \u015fekilde konu\u015ftu: &#8220;Yapay zek\u00e2 ve veri temelli sistemler, sorunlar\u0131 ilk kez \u00f6l\u00e7\u00fclebilir ve y\u00f6netilebilir hale getiriyor. Bu d\u00f6n\u00fc\u015f\u00fcm, i\u015fg\u00fcc\u00fc becerilerinden insan kayna\u011f\u0131 stratejilerine kadar her alan\u0131 yeniden tan\u0131mlayan tarihsel bir k\u0131r\u0131lmad\u0131r.&#8221;<br \/>\n<br \/>EG\u0130AD Think Tank \u00e7al\u0131\u015fmas\u0131 kapsam\u0131nda \u0130zmir\u2019e \u00f6zg\u00fc Beceri A\u00e7\u0131\u011f\u0131 Endeksi ve \u0130\u015fg\u00fcc\u00fc ve Beceri F\u0131rsat Atlas\u0131 haz\u0131rland\u0131\u011f\u0131n\u0131 belirten \u00d6zhelvac\u0131, raporun \u015fehrin gelecekteki insan kayna\u011f\u0131 ihtiya\u00e7lar\u0131n\u0131 ortaya koyaca\u011f\u0131n\u0131 ifade etti.<\/p>\n<p>Hedef: \u0130zmir\u2019i Yeniden Beceri Kazand\u0131rma \u00dcss\u00fcne D\u00f6n\u00fc\u015ft\u00fcrmek<br \/>\n<br \/>EG\u0130AD\u2019\u0131n hedefinin yarat\u0131c\u0131 y\u0131k\u0131m\u0131 \u0130zmir i\u00e7in bir risk de\u011fil, stratejik s\u0131\u00e7rama alan\u0131na d\u00f6n\u00fc\u015ft\u00fcrmek oldu\u011funu vurgulayan \u00d6zhelvac\u0131, \u00f6zellikle NEET olarak tan\u0131mlanan &#8220;Ev Gen\u00e7leri&#8221;nin yeni ekonomiye kazand\u0131r\u0131lmas\u0131n\u0131n kritik \u00f6nemde oldu\u011funu belirterek, &#8220;Bu d\u00f6n\u00fc\u015f\u00fcm\u00fc \u0130zmir\u2019de bir yeniden beceri kazand\u0131rma seferberli\u011fine d\u00f6n\u00fc\u015ft\u00fcrmek istiyoruz. Amac\u0131m\u0131z, ortaya \u00e7\u0131kacak beceri a\u00e7\u0131\u011f\u0131n\u0131 do\u011fru politikalarla kapatarak \u015fehrimizi gelece\u011fin i\u015fg\u00fcc\u00fc yap\u0131s\u0131na haz\u0131rlamakt\u0131r&#8221; dedi.<\/p>\n<p>Ortak ak\u0131l ile gelece\u011fin istihdam haritas\u0131<br \/>\n<br \/>Etkinli\u011fin yaln\u0131zca teorik bir de\u011ferlendirme olmad\u0131\u011f\u0131n\u0131 vurgulayan \u00d6zhelvac\u0131, raporun sahadan veri toplanarak haz\u0131rland\u0131\u011f\u0131n\u0131 belirtti. Bu kapsamda teknoloji geli\u015ftirme b\u00f6lgeleri, TTO ve TEKMER y\u00f6neticileriyle yap\u0131lan g\u00f6r\u00fc\u015fmelerin ard\u0131ndan, i\u015f d\u00fcnyas\u0131n\u0131n uygulay\u0131c\u0131 akt\u00f6rleri olan EG\u0130AD \u00fcyeleri ve \u0130K profesyonellerinin katk\u0131lar\u0131n\u0131n al\u0131nd\u0131\u011f\u0131n\u0131 ifade ederek, &#8220;\u0130zmir\u2019in gelece\u011fine dair en do\u011fru kararlar\u0131 ancak ortak ak\u0131l ile verebiliriz. Bug\u00fcn ortaya koyulan her g\u00f6r\u00fc\u015f, \u0130zmir\u2019in gelecekteki istihdam haritas\u0131na konulmu\u015f bir tu\u011flad\u0131r.&#8221; dedi.<\/p>\n<p>Akademi-i\u015f d\u00fcnyas\u0131 i\u015f birli\u011fi g\u00fc\u00e7leniyor<br \/>\n<br \/>Program\u0131n kapan\u0131\u015f\u0131nda \u00d6zhelvac\u0131, Think Tank \u00e7al\u0131\u015fmas\u0131n\u0131 akademik titizlikle y\u00fcr\u00fcten Do\u00e7. Dr. Elif Tunal\u0131 \u00c7al\u0131\u015fkan, Do\u00e7. Dr. G\u00fcl\u00e7in G\u00fcrel G\u00fcnal ve Do\u00e7. Dr. I\u015f\u0131l Kurnaz\u2019a te\u015fekk\u00fcr ederek, EG\u0130AD\u2019\u0131n bilimsel veri ve politika \u00fcretmeye devam edece\u011fini vurgulad\u0131.<br \/>\n<br \/>EG\u0130AD, &#8220;Yarat\u0131c\u0131 Y\u0131k\u0131m S\u00fcrecinde \u0130zmir&#8221; raporuyla; i\u015fg\u00fcc\u00fc piyasas\u0131n\u0131n d\u00f6n\u00fc\u015f\u00fcm\u00fcn\u00fc analiz eden, beceri uyumsuzluklar\u0131n\u0131 ortaya koyan ve \u0130zmir\u2019i gelece\u011fin \u00e7al\u0131\u015fma d\u00fcnyas\u0131na haz\u0131rlayan stratejik bir yol haritas\u0131 sunmay\u0131 hedefliyor.<br \/><\/p>\n","protected":false},"excerpt":{"rendered":"<p>Ege Gen\u00e7 \u0130\u015f \u0130nsanlar\u0131 Derne\u011fi (EG\u0130AD), k\u00fcresel \u00f6l\u00e7ekte h\u0131z kazanan dijitalle\u015fme, ye\u015fil d\u00f6n\u00fc\u015f\u00fcm ve toplumsal de\u011fi\u015fim s\u00fcre\u00e7lerinin i\u015fg\u00fcc\u00fc piyasalar\u0131 \u00fczerindeki etkilerini \u00e7ok boyutlu olarak de\u011ferlendirmek amac\u0131yla, &#8220;Yarat\u0131c\u0131 Y\u0131k\u0131m S\u00fcrecinde \u0130zmir-\u00dc\u00e7\u00fcz D\u00f6n\u00fc\u015f\u00fcm ile \u0130\u015fg\u00fcc\u00fc Piyasas\u0131n\u0131n Yeniden Tasar\u0131m\u0131&#8221; ba\u015fl\u0131kl\u0131 think tank \u00e7al\u0131\u015fmas\u0131 kapsam\u0131nda \u00f6nemli bir seminer ve \u00e7al\u0131\u015ftay bulu\u015fmas\u0131 ger\u00e7ekle\u015ftirdi. EG\u0130AD merkezinde d\u00fczenlenen etkinlikte; yarat\u0131c\u0131 y\u0131k\u0131m\u0131n \u0130zmir&#8230;<\/p>\n","protected":false},"author":1,"featured_media":90043,"comment_status":"open","ping_status":"open","sticky":false,"template":"","format":"standard","meta":{"_crdt_document":"","footnotes":""},"categories":[125],"tags":[],"class_list":["post-90042","post","type-post","status-publish","format-standard","has-post-thumbnail","hentry","category-ekonomi"],"_links":{"self":[{"href":"https:\/\/www.egemtv.com\/index.php?rest_route=\/wp\/v2\/posts\/90042","targetHints":{"allow":["GET"]}}],"collection":[{"href":"https:\/\/www.egemtv.com\/index.php?rest_route=\/wp\/v2\/posts"}],"about":[{"href":"https:\/\/www.egemtv.com\/index.php?rest_route=\/wp\/v2\/types\/post"}],"author":[{"embeddable":true,"href":"https:\/\/www.egemtv.com\/index.php?rest_route=\/wp\/v2\/users\/1"}],"replies":[{"embeddable":true,"href":"https:\/\/www.egemtv.com\/index.php?rest_route=%2Fwp%2Fv2%2Fcomments&post=90042"}],"version-history":[{"count":1,"href":"https:\/\/www.egemtv.com\/index.php?rest_route=\/wp\/v2\/posts\/90042\/revisions"}],"predecessor-version":[{"id":90044,"href":"https:\/\/www.egemtv.com\/index.php?rest_route=\/wp\/v2\/posts\/90042\/revisions\/90044"}],"wp:featuredmedia":[{"embeddable":true,"href":"https:\/\/www.egemtv.com\/index.php?rest_route=\/wp\/v2\/media\/90043"}],"wp:attachment":[{"href":"https:\/\/www.egemtv.com\/index.php?rest_route=%2Fwp%2Fv2%2Fmedia&parent=90042"}],"wp:term":[{"taxonomy":"category","embeddable":true,"href":"https:\/\/www.egemtv.com\/index.php?rest_route=%2Fwp%2Fv2%2Fcategories&post=90042"},{"taxonomy":"post_tag","embeddable":true,"href":"https:\/\/www.egemtv.com\/index.php?rest_route=%2Fwp%2Fv2%2Ftags&post=90042"}],"curies":[{"name":"wp","href":"https:\/\/api.w.org\/{rel}","templated":true}]}}