{"id":90039,"date":"2026-02-24T11:35:56","date_gmt":"2026-02-24T08:35:56","guid":{"rendered":"https:\/\/www.egemtv.com\/?p=90039"},"modified":"2026-02-24T11:35:57","modified_gmt":"2026-02-24T08:35:57","slug":"tavasin-tescilli-baklavasi-dunya-pazarina-aciliyor","status":"publish","type":"post","link":"https:\/\/www.egemtv.com\/?p=90039","title":{"rendered":"Tavas\u2019\u0131n tescilli baklavas\u0131 d\u00fcnya pazar\u0131na a\u00e7\u0131l\u0131yor"},"content":{"rendered":"<p>Co\u011frafi i\u015faretli Tavas Baklavas\u0131, TAVBEL ve Bonavias aras\u0131nda imzalanan protokol kapsam\u0131nda Yareng\u00fcme Kad\u0131n Kooperatifi taraf\u0131ndan \u00fcretilecek, Bonavias\u2019\u0131n yurt i\u00e7i ve yurt d\u0131\u015f\u0131 \u015fubelerinde sat\u0131\u015fa sunularak uluslararas\u0131 pazara a\u00e7\u0131lacak.<\/p>\n<p>Denizli\u2019nin Tavas il\u00e7esine \u00f6zg\u00fc co\u011frafi i\u015faretli lezzetlerden biri olan Tavas Baklavas\u0131, imzalanan yeni i\u015f birli\u011fi protokol\u00fcyle Orta Do\u011fu ve Avrupa \u00fclkelerinde sat\u0131\u015fa sunulacak. Tavas Belediyesi b\u00fcnyesinde faaliyet g\u00f6steren TAVBEL \u015firketi ile Bonavias firmas\u0131 aras\u0131nda imzalanan protokol kapsam\u0131nda, Tavas Baklavas\u0131\u2019n\u0131n \u00fcretim, tan\u0131t\u0131m ve sat\u0131\u015f s\u00fcre\u00e7leri daha g\u00fc\u00e7l\u00fc bir yap\u0131ya kavu\u015fturulacak. Protokole g\u00f6re Tavas Baklavas\u0131, TAVBEL koordinasyonunda Yareng\u00fcme Kad\u0131n Kooperatifi arac\u0131l\u0131\u011f\u0131yla \u00fcretilecek. \u00dcr\u00fcn\u00fcn sat\u0131\u015f ve tan\u0131t\u0131m faaliyetleri ise Bonavias firmas\u0131 taraf\u0131ndan y\u00fcr\u00fct\u00fclerek, firman\u0131n T\u00fcrkiye\u2019de ki 50 \u015fubesinde ve Orta Do\u011fu ve Avrupa\u2019daki \u015fubelerinde t\u00fcketicilerle bulu\u015fturulacak.<\/p>\n<p>\u0130mza t\u00f6reninde konu\u015fan Kadir Tat\u0131k, Tavas\u2019\u0131n \u00f6nemli bir de\u011ferinin daha geni\u015f pazarlara a\u00e7\u0131lmas\u0131ndan duydu\u011fu memnuniyeti dile getirdi. Tat\u0131k, &#8220;Tavas\u2019\u0131m\u0131z\u0131n co\u011frafi i\u015faretli de\u011feri olan Tavas Baklavam\u0131z\u0131n \u00fcretim ve pazarlama s\u00fcre\u00e7lerini daha g\u00fc\u00e7l\u00fc ve s\u00fcrd\u00fcr\u00fclebilir hale getirecek \u00f6nemli bir i\u015f birli\u011fine imza att\u0131k. TAVBEL \u015firketimiz ile Bonavias firmas\u0131 aras\u0131nda imzalad\u0131\u011f\u0131m\u0131z protokol kapsam\u0131nda Tavas Baklavam\u0131z, Yareng\u00fcme Kad\u0131n Kooperatifimiz arac\u0131l\u0131\u011f\u0131yla \u00fcretilecek, sat\u0131\u015f ve tan\u0131t\u0131m faaliyetleri ise Bonavias taraf\u0131ndan y\u00fcr\u00fct\u00fclecektir. Bu k\u0131ymetli i\u015f birli\u011finde katk\u0131lar\u0131 ve yap\u0131c\u0131 yakla\u015f\u0131mlar\u0131 i\u00e7in Bonavias Y\u00f6netim Kurulu Ba\u015fkan\u0131 Bar\u0131\u015f \u00c7ift\u00e7i\u2019ye te\u015fekk\u00fcr ediyorum&#8221; dedi.<\/p>\n<p>Bu i\u015f birli\u011finin kad\u0131n eme\u011fini destekleyen, yerel \u00fcretimi g\u00fc\u00e7lendiren ve Tavas Baklavas\u0131\u2019n\u0131 uluslararas\u0131 pazarlarda daha g\u00f6r\u00fcn\u00fcr hale getiren \u00f6nemli bir ad\u0131m oldu\u011funu vurgulayan Ba\u015fkan Tat\u0131k, &#8220;Tavas\u2019\u0131n g\u00f6z\u00fc gibi bakt\u0131\u011f\u0131, bug\u00fcne kadar \u00f6zenle korudu\u011fu, yap\u0131s\u0131n\u0131 hi\u00e7 bozmadan bug\u00fcne ta\u015f\u0131d\u0131\u011f\u0131 ve art\u0131k co\u011frafi i\u015faret alarak tescillenen bu \u00f6zel \u00fcr\u00fcn\u00fcn, T\u00fcrkiye\u2019nin her yerinde ve ard\u0131ndan in\u015fallah d\u00fcnyan\u0131n d\u00f6rt bir yan\u0131nda tan\u0131nan bir lezzet olarak yolculu\u011funa ba\u015flamas\u0131n\u0131 b\u00fcy\u00fck bir heyecanla kar\u015f\u0131l\u0131yorum. \u015eunu \u00f6zellikle belirtmek istiyorum; bundan \u00fc\u00e7, be\u015f y\u0131l sonra Tavas Baklavas\u0131, Bursa\u2019n\u0131n kestane \u015fekerinin \u00f6n\u00fcne ge\u00e7ecek. Gaziantep\u2019in baklavas\u0131 bize rakip olacak. Biz hi\u00e7bir zaman Antep baklavas\u0131n\u0131 kendimize rakip g\u00f6rm\u00fcyoruz; aksine Antep baklavas\u0131 Tavas Baklavas\u0131\u2019na rakip olacak. Buna y\u00fcrekten inan\u0131yoruz ve bunu ba\u015faraca\u011f\u0131z. Bunun da ilk ad\u0131m\u0131n\u0131 bug\u00fcn atm\u0131\u015f bulunuyoruz. Bunu yaparken yaln\u0131zca ticari bir faaliyet y\u00fcr\u00fctmeyi de\u011fil, ayn\u0131 zamanda \u00f6nemli bir sosyal sorumluluk projesini hayata ge\u00e7irmeyi hedefliyoruz. Bizim amac\u0131m\u0131z sadece k\u00e2r elde etmek de\u011fil; elde edilen gelirin k\u00f6ylerde ya\u015fayan kad\u0131nlar\u0131m\u0131za da katk\u0131 sa\u011flamas\u0131d\u0131r. \u00c7\u00fcnk\u00fc baklava denildi\u011finde akla gelen emek, kad\u0131n eme\u011fidir. Bu lezzeti ya\u015fatan, nesilden nesile aktaran annelerimiz, kad\u0131nlar\u0131m\u0131zd\u0131r. Kurmay\u0131 planlad\u0131\u011f\u0131m\u0131z \u00fcretim tesisinde, kad\u0131n kooperatiflerimizin belirledi\u011fi ortaklar\u0131m\u0131z \u00e7al\u0131\u015facak. Kad\u0131nlar\u0131m\u0131z bu baklavay\u0131 a\u00e7acak, \u00fcretecek ve d\u00fcnyaya sunacak. Biz de onlar\u0131n eme\u011fini destekleyerek Tavas Baklavas\u0131\u2019n\u0131 d\u00fcnyan\u0131n her noktas\u0131na ula\u015ft\u0131raca\u011f\u0131z&#8221; \u015feklinde konu\u015ftu.<br \/><\/p>\n","protected":false},"excerpt":{"rendered":"<p>Co\u011frafi i\u015faretli Tavas Baklavas\u0131, TAVBEL ve Bonavias aras\u0131nda imzalanan protokol kapsam\u0131nda Yareng\u00fcme Kad\u0131n Kooperatifi taraf\u0131ndan \u00fcretilecek, Bonavias\u2019\u0131n yurt i\u00e7i ve yurt d\u0131\u015f\u0131 \u015fubelerinde sat\u0131\u015fa sunularak uluslararas\u0131 pazara a\u00e7\u0131lacak. Denizli\u2019nin Tavas il\u00e7esine \u00f6zg\u00fc co\u011frafi i\u015faretli lezzetlerden biri olan Tavas Baklavas\u0131, imzalanan yeni i\u015f birli\u011fi protokol\u00fcyle Orta Do\u011fu ve Avrupa \u00fclkelerinde sat\u0131\u015fa sunulacak. Tavas Belediyesi b\u00fcnyesinde faaliyet&#8230;<\/p>\n","protected":false},"author":1,"featured_media":90040,"comment_status":"open","ping_status":"open","sticky":false,"template":"","format":"standard","meta":{"_crdt_document":"","footnotes":""},"categories":[125],"tags":[],"class_list":["post-90039","post","type-post","status-publish","format-standard","has-post-thumbnail","hentry","category-ekonomi"],"_links":{"self":[{"href":"https:\/\/www.egemtv.com\/index.php?rest_route=\/wp\/v2\/posts\/90039","targetHints":{"allow":["GET"]}}],"collection":[{"href":"https:\/\/www.egemtv.com\/index.php?rest_route=\/wp\/v2\/posts"}],"about":[{"href":"https:\/\/www.egemtv.com\/index.php?rest_route=\/wp\/v2\/types\/post"}],"author":[{"embeddable":true,"href":"https:\/\/www.egemtv.com\/index.php?rest_route=\/wp\/v2\/users\/1"}],"replies":[{"embeddable":true,"href":"https:\/\/www.egemtv.com\/index.php?rest_route=%2Fwp%2Fv2%2Fcomments&post=90039"}],"version-history":[{"count":1,"href":"https:\/\/www.egemtv.com\/index.php?rest_route=\/wp\/v2\/posts\/90039\/revisions"}],"predecessor-version":[{"id":90041,"href":"https:\/\/www.egemtv.com\/index.php?rest_route=\/wp\/v2\/posts\/90039\/revisions\/90041"}],"wp:featuredmedia":[{"embeddable":true,"href":"https:\/\/www.egemtv.com\/index.php?rest_route=\/wp\/v2\/media\/90040"}],"wp:attachment":[{"href":"https:\/\/www.egemtv.com\/index.php?rest_route=%2Fwp%2Fv2%2Fmedia&parent=90039"}],"wp:term":[{"taxonomy":"category","embeddable":true,"href":"https:\/\/www.egemtv.com\/index.php?rest_route=%2Fwp%2Fv2%2Fcategories&post=90039"},{"taxonomy":"post_tag","embeddable":true,"href":"https:\/\/www.egemtv.com\/index.php?rest_route=%2Fwp%2Fv2%2Ftags&post=90039"}],"curies":[{"name":"wp","href":"https:\/\/api.w.org\/{rel}","templated":true}]}}