{"id":90036,"date":"2026-02-24T11:35:55","date_gmt":"2026-02-24T08:35:55","guid":{"rendered":"https:\/\/www.egemtv.com\/?p=90036"},"modified":"2026-02-24T11:35:56","modified_gmt":"2026-02-24T08:35:56","slug":"pinarbasi-bahara-hazirlaniyor","status":"publish","type":"post","link":"https:\/\/www.egemtv.com\/?p=90036","title":{"rendered":"P\u0131narba\u015f\u0131 bahara haz\u0131rlan\u0131yor"},"content":{"rendered":"<p>Efeler\u2019in kalbinde, do\u011fayla ba\u015f ba\u015fa kalmak isteyenlerin ilk adreslerinden biri olan P\u0131narba\u015f\u0131 Mesire Alan\u0131, havalar\u0131n \u0131s\u0131nmaya ba\u015flamas\u0131yla birlikte yeniden canlan\u0131yor. Ye\u015filin her tonunu i\u00e7inde bar\u0131nd\u0131ran P\u0131narba\u015f\u0131, Efeler Belediyesi\u2019nin \u00e7al\u0131\u015fmalar\u0131yla daha d\u00fczenli, temiz ve daha kullan\u0131\u015fl\u0131 bir hale geliyor.<\/p>\n<p>Efeler Belediyesi Park ve Bah\u00e7eler M\u00fcd\u00fcrl\u00fc\u011f\u00fc ekipleri taraf\u0131ndan y\u00fcr\u00fct\u00fclen rutin bak\u0131m ve d\u00fczenleme \u00e7al\u0131\u015fmalar\u0131 kapsam\u0131nda mesire alan\u0131nda \u00e7im bi\u00e7imi, \u00e7evre d\u00fczenlemesi ve genel temizlik faaliyetleri aral\u0131ks\u0131z s\u00fcrd\u00fcr\u00fcl\u00fcyor. Hava s\u0131cakl\u0131klar\u0131n\u0131n artmas\u0131yla birlikte vatanda\u015flar\u0131n yo\u011fun ilgi g\u00f6sterdi\u011fi P\u0131narba\u015f\u0131 Mesire Alan\u0131\u2019n\u0131n, hem g\u00f6rsel esteti\u011fi hem de kullan\u0131m konforu art\u0131r\u0131l\u0131yor.<\/p>\n<p>\u00d6te yandan Efeler Belediye Ba\u015fkan\u0131 An\u0131l Yeti\u015fkin, vatanda\u015flar\u0131n sosyal ya\u015fam\u0131n\u0131 kolayla\u015ft\u0131ran hizmetleri ile mesire alan\u0131 i\u00e7erisinde yer alan P\u0131narba\u015f\u0131 Kafe modernize edilmi\u015f, do\u011fan\u0131n i\u00e7inde huzurla vakit ge\u00e7irilen kafe yenilenerek daha konforlu hale getirilerek kapasitesi art\u0131r\u0131lm\u0131\u015ft\u0131. Vatanda\u015flar\u0131n ekonomik ya\u015fam\u0131na katk\u0131 sa\u011flamak amac\u0131yla hayata ge\u00e7irilen Efem Kart ve Efe Mobil uygulamalar\u0131 sayesinde P\u0131narba\u015f\u0131 Kafe\u2019de y\u00fczde 20 indirim uygulan\u0131yor. Vatanda\u015flar Efem Kartlar\u0131 ya da Efe Mobil uygulamalar\u0131yla sadece P\u0131narba\u015f\u0131\u2019nda de\u011fil, belediyeye ait sosyal tesislerde indirimli hizmet almaya devam ediyor.<\/p>\n<p>\u00c7al\u0131\u015fmalarla ilgili de\u011ferlendirmede bulunan Efeler Belediye Ba\u015fkan\u0131, \u201cP\u0131narba\u015f\u0131 Mesire Alan\u0131, hem\u015fehrilerimizin do\u011fayla bulu\u015ftu\u011fu, stres att\u0131\u011f\u0131 ve aileleriyle keyifli zaman ge\u00e7irdi\u011fi \u00e7ok k\u0131ymetli bir alan. Havalar\u0131n \u0131s\u0131nmas\u0131yla birlikte vatanda\u015flar\u0131m\u0131z\u0131n bu alan\u0131 daha yo\u011fun kullanaca\u011f\u0131n\u0131 biliyoruz. Bu nedenle ekiplerimizle birlikte bak\u0131m ve temizlik \u00e7al\u0131\u015fmalar\u0131m\u0131z\u0131 d\u00fczenli olarak s\u00fcrd\u00fcr\u00fcyoruz. Amac\u0131m\u0131z, Efeler\u2019de ya\u015fayan herkesin kendini huzurlu ve g\u00fcvende hissedece\u011fi ye\u015fil alanlar\u0131 \u00e7o\u011faltmak. Do\u011faya sahip \u00e7\u0131kmaya, Efeler\u2019i g\u00fczelle\u015ftirmeye devam edece\u011fiz\u201d dedi.<br \/>\n<br \/>Efeler Belediyesi, il\u00e7e genelindeki park ve mesire alanlar\u0131nda bak\u0131m ve yenileme \u00e7al\u0131\u015fmalar\u0131n\u0131 belirlenen program dahilinde s\u00fcrd\u00fcrece\u011fi \u00f6\u011frenildi.<br \/><\/p>\n","protected":false},"excerpt":{"rendered":"<p>Efeler\u2019in kalbinde, do\u011fayla ba\u015f ba\u015fa kalmak isteyenlerin ilk adreslerinden biri olan P\u0131narba\u015f\u0131 Mesire Alan\u0131, havalar\u0131n \u0131s\u0131nmaya ba\u015flamas\u0131yla birlikte yeniden canlan\u0131yor. Ye\u015filin her tonunu i\u00e7inde bar\u0131nd\u0131ran P\u0131narba\u015f\u0131, Efeler Belediyesi\u2019nin \u00e7al\u0131\u015fmalar\u0131yla daha d\u00fczenli, temiz ve daha kullan\u0131\u015fl\u0131 bir hale geliyor. Efeler Belediyesi Park ve Bah\u00e7eler M\u00fcd\u00fcrl\u00fc\u011f\u00fc ekipleri taraf\u0131ndan y\u00fcr\u00fct\u00fclen rutin bak\u0131m ve d\u00fczenleme \u00e7al\u0131\u015fmalar\u0131 kapsam\u0131nda mesire alan\u0131nda&#8230;<\/p>\n","protected":false},"author":1,"featured_media":90037,"comment_status":"open","ping_status":"open","sticky":false,"template":"","format":"standard","meta":{"_crdt_document":"","footnotes":""},"categories":[1],"tags":[],"class_list":["post-90036","post","type-post","status-publish","format-standard","has-post-thumbnail","hentry","category-guncel"],"_links":{"self":[{"href":"https:\/\/www.egemtv.com\/index.php?rest_route=\/wp\/v2\/posts\/90036","targetHints":{"allow":["GET"]}}],"collection":[{"href":"https:\/\/www.egemtv.com\/index.php?rest_route=\/wp\/v2\/posts"}],"about":[{"href":"https:\/\/www.egemtv.com\/index.php?rest_route=\/wp\/v2\/types\/post"}],"author":[{"embeddable":true,"href":"https:\/\/www.egemtv.com\/index.php?rest_route=\/wp\/v2\/users\/1"}],"replies":[{"embeddable":true,"href":"https:\/\/www.egemtv.com\/index.php?rest_route=%2Fwp%2Fv2%2Fcomments&post=90036"}],"version-history":[{"count":1,"href":"https:\/\/www.egemtv.com\/index.php?rest_route=\/wp\/v2\/posts\/90036\/revisions"}],"predecessor-version":[{"id":90038,"href":"https:\/\/www.egemtv.com\/index.php?rest_route=\/wp\/v2\/posts\/90036\/revisions\/90038"}],"wp:featuredmedia":[{"embeddable":true,"href":"https:\/\/www.egemtv.com\/index.php?rest_route=\/wp\/v2\/media\/90037"}],"wp:attachment":[{"href":"https:\/\/www.egemtv.com\/index.php?rest_route=%2Fwp%2Fv2%2Fmedia&parent=90036"}],"wp:term":[{"taxonomy":"category","embeddable":true,"href":"https:\/\/www.egemtv.com\/index.php?rest_route=%2Fwp%2Fv2%2Fcategories&post=90036"},{"taxonomy":"post_tag","embeddable":true,"href":"https:\/\/www.egemtv.com\/index.php?rest_route=%2Fwp%2Fv2%2Ftags&post=90036"}],"curies":[{"name":"wp","href":"https:\/\/api.w.org\/{rel}","templated":true}]}}