{"id":90033,"date":"2026-02-24T11:15:34","date_gmt":"2026-02-24T08:15:34","guid":{"rendered":"https:\/\/www.egemtv.com\/?p=90033"},"modified":"2026-02-24T11:15:35","modified_gmt":"2026-02-24T08:15:35","slug":"yildiz-erkekler-futsal-musabakalari-sona-erdi","status":"publish","type":"post","link":"https:\/\/www.egemtv.com\/?p=90033","title":{"rendered":"Y\u0131ld\u0131z Erkekler Futsal M\u00fcsabakalar\u0131 sona erdi"},"content":{"rendered":"<p>Afyonkarahisar\u2019da ger\u00e7ekle\u015ftirilen \u2018Okul Sporlar\u0131 Y\u0131ld\u0131z Erkekler Futsal M\u00fcsabakalar\u0131\u2019 tamamland\u0131.<br \/>\n<br \/>Okul Sporlar\u0131 Y\u0131ld\u0131z Erkekler Futsal M\u00fcsabakalar\u0131 T\u0131naztepe Spor Salonunda tamamland\u0131. Kar\u015f\u0131la\u015fmalar neticesinde; Kocatepe Ortaokulu birinci, Neriman-\u0130brahim K\u00fc\u00e7\u00fckkurt Ortaokulu ikinci, \u00d6zel \u0130stek Ortaokulu \u00fc\u00e7\u00fcnc\u00fc, Maver Kemal Arsoy Ortaokulu ise d\u00f6rd\u00fcnc\u00fc oldu.<br \/>\n<br \/>Dereceye giren sporculara d\u00fczenlenen \u00f6d\u00fcl t\u00f6reni ile kupa ve madalyalar\u0131 takdim edildi.<br \/><\/p>\n","protected":false},"excerpt":{"rendered":"<p>Afyonkarahisar\u2019da ger\u00e7ekle\u015ftirilen \u2018Okul Sporlar\u0131 Y\u0131ld\u0131z Erkekler Futsal M\u00fcsabakalar\u0131\u2019 tamamland\u0131. Okul Sporlar\u0131 Y\u0131ld\u0131z Erkekler Futsal M\u00fcsabakalar\u0131 T\u0131naztepe Spor Salonunda tamamland\u0131. Kar\u015f\u0131la\u015fmalar neticesinde; Kocatepe Ortaokulu birinci, Neriman-\u0130brahim K\u00fc\u00e7\u00fckkurt Ortaokulu ikinci, \u00d6zel \u0130stek Ortaokulu \u00fc\u00e7\u00fcnc\u00fc, Maver Kemal Arsoy Ortaokulu ise d\u00f6rd\u00fcnc\u00fc oldu. Dereceye giren sporculara d\u00fczenlenen \u00f6d\u00fcl t\u00f6reni ile kupa ve madalyalar\u0131 takdim edildi.<\/p>\n","protected":false},"author":1,"featured_media":90034,"comment_status":"open","ping_status":"open","sticky":false,"template":"","format":"standard","meta":{"_crdt_document":"","footnotes":""},"categories":[4],"tags":[],"class_list":["post-90033","post","type-post","status-publish","format-standard","has-post-thumbnail","hentry","category-spor"],"_links":{"self":[{"href":"https:\/\/www.egemtv.com\/index.php?rest_route=\/wp\/v2\/posts\/90033","targetHints":{"allow":["GET"]}}],"collection":[{"href":"https:\/\/www.egemtv.com\/index.php?rest_route=\/wp\/v2\/posts"}],"about":[{"href":"https:\/\/www.egemtv.com\/index.php?rest_route=\/wp\/v2\/types\/post"}],"author":[{"embeddable":true,"href":"https:\/\/www.egemtv.com\/index.php?rest_route=\/wp\/v2\/users\/1"}],"replies":[{"embeddable":true,"href":"https:\/\/www.egemtv.com\/index.php?rest_route=%2Fwp%2Fv2%2Fcomments&post=90033"}],"version-history":[{"count":1,"href":"https:\/\/www.egemtv.com\/index.php?rest_route=\/wp\/v2\/posts\/90033\/revisions"}],"predecessor-version":[{"id":90035,"href":"https:\/\/www.egemtv.com\/index.php?rest_route=\/wp\/v2\/posts\/90033\/revisions\/90035"}],"wp:featuredmedia":[{"embeddable":true,"href":"https:\/\/www.egemtv.com\/index.php?rest_route=\/wp\/v2\/media\/90034"}],"wp:attachment":[{"href":"https:\/\/www.egemtv.com\/index.php?rest_route=%2Fwp%2Fv2%2Fmedia&parent=90033"}],"wp:term":[{"taxonomy":"category","embeddable":true,"href":"https:\/\/www.egemtv.com\/index.php?rest_route=%2Fwp%2Fv2%2Fcategories&post=90033"},{"taxonomy":"post_tag","embeddable":true,"href":"https:\/\/www.egemtv.com\/index.php?rest_route=%2Fwp%2Fv2%2Ftags&post=90033"}],"curies":[{"name":"wp","href":"https:\/\/api.w.org\/{rel}","templated":true}]}}