{"id":90024,"date":"2026-02-24T10:55:43","date_gmt":"2026-02-24T07:55:43","guid":{"rendered":"https:\/\/www.egemtv.com\/?p=90024"},"modified":"2026-02-24T10:55:44","modified_gmt":"2026-02-24T07:55:44","slug":"ak-partiden-chpli-sarinin-ramazan-etkinlikleri-aciklamasina-tepki","status":"publish","type":"post","link":"https:\/\/www.egemtv.com\/?p=90024","title":{"rendered":"AK Parti\u2019den, CHP\u2019li Sar\u0131\u2019n\u0131n Ramazan etkinlikleri a\u00e7\u0131klamas\u0131na tepki"},"content":{"rendered":"<p>AK Parti K\u00fctahya Merkez \u0130l\u00e7e Ba\u015fkan\u0131 Murat Af\u015far\u00fcnal, CHP K\u00fctahya Merkez \u0130l\u00e7e Ba\u015fkan\u0131 Zeliha Sar\u0131\u2019n\u0131n okullarda planlanan Ramazan etkinliklerine ili\u015fkin a\u00e7\u0131klamalar\u0131na tepki g\u00f6sterdi.<br \/>\n<br \/>Ba\u015fkan Af\u015far\u00fcnal, yapt\u0131\u011f\u0131 a\u00e7\u0131klamada, Cumhuriyet Halk Partisi (CHP) K\u00fctahya Merkez \u0130l\u00e7e Ba\u015fkan\u0131 Sar\u0131\u2019n\u0131n de\u011ferlendirmelerinin, milletin inanc\u0131n\u0131, k\u00fclt\u00fcr\u00fcn\u00fc ve as\u0131rlard\u0131r ya\u015fatt\u0131\u011f\u0131 de\u011ferleri g\u00f6rmezden gelen bir bak\u0131\u015f a\u00e7\u0131s\u0131n\u0131 yans\u0131tt\u0131\u011f\u0131n\u0131 savundu.<br \/>\n<br \/>Af\u015far\u00fcnal, &#8220;Devlet okullar\u0131 hi\u00e7bir inan\u00e7 grubuna ayr\u0131cal\u0131k tan\u0131mamal\u0131d\u0131r&#8221; \u015feklindeki ifadelerin Ramazan ay\u0131n\u0131n manevi iklimini hedef ald\u0131\u011f\u0131n\u0131 belirterek, bunun bu topraklar\u0131n ruhunu, mayas\u0131n\u0131 ve toplumsal ger\u00e7ekli\u011fini ink\u00e2r etmek anlam\u0131na geldi\u011fini savundu.<br \/>\n<br \/>A\u00e7\u0131klamas\u0131nda Ramazan etkinliklerinin &#8220;ayr\u0131cal\u0131k&#8221; gibi g\u00f6sterilmesini ele\u015ftiren Af\u015far\u00fcnal, bu yakla\u015f\u0131m\u0131n milletin kahir ekseriyetinin de\u011ferlerini yok saymak oldu\u011funu ifade etti. Bu tutumun, milletle ayn\u0131 dili konu\u015famayan ve toplumun nabz\u0131n\u0131 tutamayan bir siyaset anlay\u0131\u015f\u0131n\u0131n tezah\u00fcr\u00fc oldu\u011funu dile getirdi.<br \/>\n<br \/>Af\u015far\u00fcnal ayr\u0131ca, milletin ge\u00e7mi\u015fte oldu\u011fu gibi bug\u00fcn de kimin kendi de\u011ferleriyle bar\u0131\u015f\u0131k, kimin milletin inanc\u0131na mesafeli oldu\u011funu gayet iyi bildi\u011fini belirterek, emanetini her se\u00e7imde sand\u0131kta g\u00f6sterdi\u011fini s\u00f6yledi.<br \/>\n<br \/>Ramazan ay\u0131n\u0131n bu millet i\u00e7in birle\u015ftirici, karde\u015flik ve payla\u015fma duygular\u0131n\u0131 peki\u015ftiren bir d\u00f6nem oldu\u011funu vurgulayan Af\u015far\u00fcnal, bundan rahats\u0131z olan anlay\u0131\u015f\u0131n millet vicdan\u0131nda kar\u015f\u0131l\u0131k bulmas\u0131n\u0131n m\u00fcmk\u00fcn olmad\u0131\u011f\u0131n\u0131 kaydetti.<br \/>\n<br \/>Af\u015far\u00fcnal a\u00e7\u0131klamas\u0131n\u0131, &#8220;Rabbim; bu \u00fclkenin birli\u011fini, dirli\u011fini ve manevi de\u011ferlerini muhafaza etsin&#8221; s\u00f6zleriyle tamamlad\u0131.<br \/><\/p>\n","protected":false},"excerpt":{"rendered":"<p>AK Parti K\u00fctahya Merkez \u0130l\u00e7e Ba\u015fkan\u0131 Murat Af\u015far\u00fcnal, CHP K\u00fctahya Merkez \u0130l\u00e7e Ba\u015fkan\u0131 Zeliha Sar\u0131\u2019n\u0131n okullarda planlanan Ramazan etkinliklerine ili\u015fkin a\u00e7\u0131klamalar\u0131na tepki g\u00f6sterdi. Ba\u015fkan Af\u015far\u00fcnal, yapt\u0131\u011f\u0131 a\u00e7\u0131klamada, Cumhuriyet Halk Partisi (CHP) K\u00fctahya Merkez \u0130l\u00e7e Ba\u015fkan\u0131 Sar\u0131\u2019n\u0131n de\u011ferlendirmelerinin, milletin inanc\u0131n\u0131, k\u00fclt\u00fcr\u00fcn\u00fc ve as\u0131rlard\u0131r ya\u015fatt\u0131\u011f\u0131 de\u011ferleri g\u00f6rmezden gelen bir bak\u0131\u015f a\u00e7\u0131s\u0131n\u0131 yans\u0131tt\u0131\u011f\u0131n\u0131 savundu. Af\u015far\u00fcnal, &#8220;Devlet okullar\u0131 hi\u00e7bir&#8230;<\/p>\n","protected":false},"author":1,"featured_media":90025,"comment_status":"open","ping_status":"open","sticky":false,"template":"","format":"standard","meta":{"_crdt_document":"","footnotes":""},"categories":[127],"tags":[],"class_list":["post-90024","post","type-post","status-publish","format-standard","has-post-thumbnail","hentry","category-siyaset"],"_links":{"self":[{"href":"https:\/\/www.egemtv.com\/index.php?rest_route=\/wp\/v2\/posts\/90024","targetHints":{"allow":["GET"]}}],"collection":[{"href":"https:\/\/www.egemtv.com\/index.php?rest_route=\/wp\/v2\/posts"}],"about":[{"href":"https:\/\/www.egemtv.com\/index.php?rest_route=\/wp\/v2\/types\/post"}],"author":[{"embeddable":true,"href":"https:\/\/www.egemtv.com\/index.php?rest_route=\/wp\/v2\/users\/1"}],"replies":[{"embeddable":true,"href":"https:\/\/www.egemtv.com\/index.php?rest_route=%2Fwp%2Fv2%2Fcomments&post=90024"}],"version-history":[{"count":1,"href":"https:\/\/www.egemtv.com\/index.php?rest_route=\/wp\/v2\/posts\/90024\/revisions"}],"predecessor-version":[{"id":90026,"href":"https:\/\/www.egemtv.com\/index.php?rest_route=\/wp\/v2\/posts\/90024\/revisions\/90026"}],"wp:featuredmedia":[{"embeddable":true,"href":"https:\/\/www.egemtv.com\/index.php?rest_route=\/wp\/v2\/media\/90025"}],"wp:attachment":[{"href":"https:\/\/www.egemtv.com\/index.php?rest_route=%2Fwp%2Fv2%2Fmedia&parent=90024"}],"wp:term":[{"taxonomy":"category","embeddable":true,"href":"https:\/\/www.egemtv.com\/index.php?rest_route=%2Fwp%2Fv2%2Fcategories&post=90024"},{"taxonomy":"post_tag","embeddable":true,"href":"https:\/\/www.egemtv.com\/index.php?rest_route=%2Fwp%2Fv2%2Ftags&post=90024"}],"curies":[{"name":"wp","href":"https:\/\/api.w.org\/{rel}","templated":true}]}}