{"id":90021,"date":"2026-02-24T10:55:42","date_gmt":"2026-02-24T07:55:42","guid":{"rendered":"https:\/\/www.egemtv.com\/?p=90021"},"modified":"2026-02-24T10:55:43","modified_gmt":"2026-02-24T07:55:43","slug":"msku-universite-tanitim-gunlerinde-gelecegin-universitelileriyle-bulustu","status":"publish","type":"post","link":"https:\/\/www.egemtv.com\/?p=90021","title":{"rendered":"MSK\u00dc, &#8220;\u00dcniversite tan\u0131t\u0131m g\u00fcnlerinde gelece\u011fin \u00fcniversitelileriyle bulu\u015ftu"},"content":{"rendered":"<p>Mu\u011fla S\u0131tk\u0131 Ko\u00e7man \u00dcniversitesi (MSK\u00dc), EKET Fuarc\u0131l\u0131k taraf\u0131ndan d\u00fczenlenen &#8220;Mu\u011fla \/ \u00dcniversite Tan\u0131t\u0131m G\u00fcnleri&#8221;nde aday \u00f6\u011frencilerin ilgi oda\u011f\u0131 oldu. Devlet ve vak\u0131f \u00fcniversitelerinin yer ald\u0131\u011f\u0131 organizasyonda MSK\u00dc stand\u0131, sundu\u011fu imkanlarla yo\u011fun ilgi g\u00f6rd\u00fc.<\/p>\n<p>Mu\u011fla S\u0131tk\u0131 Ko\u00e7man \u00dcniversitesi (MSK\u00dc), 23 \u015eubat 2026 Pazartesi g\u00fcn\u00fc Atat\u00fcrk K\u00fclt\u00fcr Merkezi fuaye alan\u0131nda ger\u00e7ekle\u015ftirilen &#8220;Mu\u011fla \/ \u00dcniversite Tan\u0131t\u0131m G\u00fcnleri&#8221; etkinli\u011fine kat\u0131larak, gelecekteki \u00f6\u011frencileriyle bir araya geldi. EKET Fuarc\u0131l\u0131k taraf\u0131ndan organize edilen ve pek \u00e7ok \u00fcniversitenin yer ald\u0131\u011f\u0131 fuarda MSK\u00dc, ba\u015far\u0131l\u0131 bir tan\u0131t\u0131m performans\u0131 sergiledi.<\/p>\n<p>\u00dcniversite aday\u0131 gen\u00e7lerin kariyer yolculuklar\u0131na rehberlik etmek amac\u0131yla d\u00fczenlenen etkinlikte; MSK\u00dc\u2019n\u00fcn nitelikli e\u011fitim-\u00f6\u011fretim faaliyetleri, lisans ve \u00f6n lisans b\u00f6l\u00fcmleri, uygulama imkanlar\u0131 ve zengin kamp\u00fcs ya\u015fam\u0131 detayl\u0131 bir \u015fekilde anlat\u0131ld\u0131. Sosyal, bilimsel ve k\u00fclt\u00fcrel etkinliklerin yan\u0131 s\u0131ra \u00f6\u011frencilere sunulan bar\u0131nma ve burs imkanlar\u0131n\u0131n da payla\u015f\u0131ld\u0131\u011f\u0131 MSK\u00dc stand\u0131, fuar\u0131n en \u00e7ok ziyaret edilen noktalar\u0131ndan biri oldu.<\/p>\n<p>Fuar\u0131n a\u00e7\u0131l\u0131\u015f\u0131n\u0131 ger\u00e7ekle\u015ftiren Mu\u011fla \u0130l Milli E\u011fitim M\u00fcd\u00fcr\u00fc Emre \u00c7ay, \u015fube m\u00fcd\u00fcrleriyle birlikte MSK\u00dc stand\u0131n\u0131 ziyaret etti. \u00dcniversite yetkililerinden y\u00fcr\u00fct\u00fclen \u00e7al\u0131\u015fmalar ve b\u00f6l\u00fcmler hakk\u0131nda bilgi alan \u00c7ay, \u00fcniversitelerin \u00f6\u011frencilerle do\u011frudan bulu\u015fmas\u0131n\u0131n \u00f6nemine de\u011findi.<br \/><\/p>\n","protected":false},"excerpt":{"rendered":"<p>Mu\u011fla S\u0131tk\u0131 Ko\u00e7man \u00dcniversitesi (MSK\u00dc), EKET Fuarc\u0131l\u0131k taraf\u0131ndan d\u00fczenlenen &#8220;Mu\u011fla \/ \u00dcniversite Tan\u0131t\u0131m G\u00fcnleri&#8221;nde aday \u00f6\u011frencilerin ilgi oda\u011f\u0131 oldu. Devlet ve vak\u0131f \u00fcniversitelerinin yer ald\u0131\u011f\u0131 organizasyonda MSK\u00dc stand\u0131, sundu\u011fu imkanlarla yo\u011fun ilgi g\u00f6rd\u00fc. Mu\u011fla S\u0131tk\u0131 Ko\u00e7man \u00dcniversitesi (MSK\u00dc), 23 \u015eubat 2026 Pazartesi g\u00fcn\u00fc Atat\u00fcrk K\u00fclt\u00fcr Merkezi fuaye alan\u0131nda ger\u00e7ekle\u015ftirilen &#8220;Mu\u011fla \/ \u00dcniversite Tan\u0131t\u0131m G\u00fcnleri&#8221; etkinli\u011fine&#8230;<\/p>\n","protected":false},"author":1,"featured_media":90022,"comment_status":"open","ping_status":"open","sticky":false,"template":"","format":"standard","meta":{"_crdt_document":"","footnotes":""},"categories":[1],"tags":[],"class_list":["post-90021","post","type-post","status-publish","format-standard","has-post-thumbnail","hentry","category-guncel"],"_links":{"self":[{"href":"https:\/\/www.egemtv.com\/index.php?rest_route=\/wp\/v2\/posts\/90021","targetHints":{"allow":["GET"]}}],"collection":[{"href":"https:\/\/www.egemtv.com\/index.php?rest_route=\/wp\/v2\/posts"}],"about":[{"href":"https:\/\/www.egemtv.com\/index.php?rest_route=\/wp\/v2\/types\/post"}],"author":[{"embeddable":true,"href":"https:\/\/www.egemtv.com\/index.php?rest_route=\/wp\/v2\/users\/1"}],"replies":[{"embeddable":true,"href":"https:\/\/www.egemtv.com\/index.php?rest_route=%2Fwp%2Fv2%2Fcomments&post=90021"}],"version-history":[{"count":1,"href":"https:\/\/www.egemtv.com\/index.php?rest_route=\/wp\/v2\/posts\/90021\/revisions"}],"predecessor-version":[{"id":90023,"href":"https:\/\/www.egemtv.com\/index.php?rest_route=\/wp\/v2\/posts\/90021\/revisions\/90023"}],"wp:featuredmedia":[{"embeddable":true,"href":"https:\/\/www.egemtv.com\/index.php?rest_route=\/wp\/v2\/media\/90022"}],"wp:attachment":[{"href":"https:\/\/www.egemtv.com\/index.php?rest_route=%2Fwp%2Fv2%2Fmedia&parent=90021"}],"wp:term":[{"taxonomy":"category","embeddable":true,"href":"https:\/\/www.egemtv.com\/index.php?rest_route=%2Fwp%2Fv2%2Fcategories&post=90021"},{"taxonomy":"post_tag","embeddable":true,"href":"https:\/\/www.egemtv.com\/index.php?rest_route=%2Fwp%2Fv2%2Ftags&post=90021"}],"curies":[{"name":"wp","href":"https:\/\/api.w.org\/{rel}","templated":true}]}}