{"id":90015,"date":"2026-02-24T10:35:03","date_gmt":"2026-02-24T07:35:03","guid":{"rendered":"https:\/\/www.egemtv.com\/?p=90015"},"modified":"2026-02-24T10:35:03","modified_gmt":"2026-02-24T07:35:03","slug":"feto-davasindan-aranan-sahis-yakalandi","status":"publish","type":"post","link":"https:\/\/www.egemtv.com\/?p=90015","title":{"rendered":"FET\u00d6 davas\u0131ndan aranan \u015fah\u0131s yakaland\u0131"},"content":{"rendered":"<p>Afyonkarahisar\u2019da FET\u00d6 silahl\u0131 ter\u00f6r \u00f6rg\u00fct\u00fc davas\u0131ndan 6 y\u0131l 3 ay hapis cezas\u0131yla aranan \u015fah\u0131s polisin takibi sonras\u0131 yakaland\u0131.<br \/>\n<br \/>Edinilen bilgilere g\u00f6re, \u0130l Emniyet M\u00fcd\u00fcrl\u00fc\u011f\u00fcne ba\u011fl\u0131 ekipler taraf\u0131ndan aranan \u015fah\u0131slar\u0131n yakalanmas\u0131na y\u00f6nelik \u00e7al\u0131\u015fma yap\u0131ld\u0131. Yap\u0131lan incelemelerde A.Y.A. isimli \u015fahs\u0131n FET\u00d6 silahl\u0131 ter\u00f6r \u00f6rg\u00fct\u00fc davas\u0131ndan 6 y\u0131l 3 ay hapis cezas\u0131yla arand\u0131\u011f\u0131 tespit edildi. Ard\u0131ndan \u015fahs\u0131n pe\u015fine d\u00fc\u015fen ekipler \u015f\u00fcpheliyi kent merkezinde yakalayarak g\u00f6zalt\u0131na ald\u0131. \u015eah\u0131s i\u015flemlerinin ard\u0131ndan sevk edildi\u011fi mahkeme taraf\u0131ndan tutuklanarak cezaevine g\u00f6nderildi.<br \/><\/p>\n","protected":false},"excerpt":{"rendered":"<p>Afyonkarahisar\u2019da FET\u00d6 silahl\u0131 ter\u00f6r \u00f6rg\u00fct\u00fc davas\u0131ndan 6 y\u0131l 3 ay hapis cezas\u0131yla aranan \u015fah\u0131s polisin takibi sonras\u0131 yakaland\u0131. Edinilen bilgilere g\u00f6re, \u0130l Emniyet M\u00fcd\u00fcrl\u00fc\u011f\u00fcne ba\u011fl\u0131 ekipler taraf\u0131ndan aranan \u015fah\u0131slar\u0131n yakalanmas\u0131na y\u00f6nelik \u00e7al\u0131\u015fma yap\u0131ld\u0131. Yap\u0131lan incelemelerde A.Y.A. isimli \u015fahs\u0131n FET\u00d6 silahl\u0131 ter\u00f6r \u00f6rg\u00fct\u00fc davas\u0131ndan 6 y\u0131l 3 ay hapis cezas\u0131yla arand\u0131\u011f\u0131 tespit edildi. Ard\u0131ndan \u015fahs\u0131n pe\u015fine&#8230;<\/p>\n","protected":false},"author":1,"featured_media":90016,"comment_status":"open","ping_status":"open","sticky":false,"template":"","format":"standard","meta":{"_crdt_document":"","footnotes":""},"categories":[5],"tags":[],"class_list":["post-90015","post","type-post","status-publish","format-standard","has-post-thumbnail","hentry","category-asayis"],"_links":{"self":[{"href":"https:\/\/www.egemtv.com\/index.php?rest_route=\/wp\/v2\/posts\/90015","targetHints":{"allow":["GET"]}}],"collection":[{"href":"https:\/\/www.egemtv.com\/index.php?rest_route=\/wp\/v2\/posts"}],"about":[{"href":"https:\/\/www.egemtv.com\/index.php?rest_route=\/wp\/v2\/types\/post"}],"author":[{"embeddable":true,"href":"https:\/\/www.egemtv.com\/index.php?rest_route=\/wp\/v2\/users\/1"}],"replies":[{"embeddable":true,"href":"https:\/\/www.egemtv.com\/index.php?rest_route=%2Fwp%2Fv2%2Fcomments&post=90015"}],"version-history":[{"count":1,"href":"https:\/\/www.egemtv.com\/index.php?rest_route=\/wp\/v2\/posts\/90015\/revisions"}],"predecessor-version":[{"id":90017,"href":"https:\/\/www.egemtv.com\/index.php?rest_route=\/wp\/v2\/posts\/90015\/revisions\/90017"}],"wp:featuredmedia":[{"embeddable":true,"href":"https:\/\/www.egemtv.com\/index.php?rest_route=\/wp\/v2\/media\/90016"}],"wp:attachment":[{"href":"https:\/\/www.egemtv.com\/index.php?rest_route=%2Fwp%2Fv2%2Fmedia&parent=90015"}],"wp:term":[{"taxonomy":"category","embeddable":true,"href":"https:\/\/www.egemtv.com\/index.php?rest_route=%2Fwp%2Fv2%2Fcategories&post=90015"},{"taxonomy":"post_tag","embeddable":true,"href":"https:\/\/www.egemtv.com\/index.php?rest_route=%2Fwp%2Fv2%2Ftags&post=90015"}],"curies":[{"name":"wp","href":"https:\/\/api.w.org\/{rel}","templated":true}]}}