{"id":90012,"date":"2026-02-24T10:35:02","date_gmt":"2026-02-24T07:35:02","guid":{"rendered":"https:\/\/www.egemtv.com\/?p=90012"},"modified":"2026-02-24T10:35:02","modified_gmt":"2026-02-24T07:35:02","slug":"sehzadeler-belediyesinden-cozum-odakli-calismalar","status":"publish","type":"post","link":"https:\/\/www.egemtv.com\/?p=90012","title":{"rendered":"\u015eehzadeler Belediyesinden \u00e7\u00f6z\u00fcm odakl\u0131 \u00e7al\u0131\u015fmalar"},"content":{"rendered":"<p>\u015eehzadeler Belediye Ba\u015fkan\u0131 Hakan \u015eim\u015fek, Galericiler Sitesi esnaf\u0131yla bir araya gelerek hem Ramazan tebri\u011finde bulundu hem de talep ve beklentileri dinledi. Esnaf\u0131n sorunlar\u0131n\u0131 tek tek not alan \u015eim\u015fek, \u00e7\u00f6z\u00fcm odakl\u0131 \u00e7al\u0131\u015fmalar\u0131n s\u00fcrece\u011fini vurgulad\u0131.<br \/>\n<br \/>\u015eehzadeler Belediye Ba\u015fkan\u0131 Hakan \u015eim\u015fek, Ramazan ay\u0131 dolay\u0131s\u0131yla esnaf ziyaretlerini s\u00fcrd\u00fcr\u00fcyor. Bu kapsamda Galericiler Sitesi\u2019ni ziyaret eden Ba\u015fkan \u015eim\u015fek, site esnaf\u0131yla bir araya gelerek hay\u0131rl\u0131 i\u015fler temennisinde bulundu.<br \/>\n<br \/>\u0130\u015f yerlerini tek tek dola\u015farak esnafla sohbet eden Ba\u015fkan \u015eim\u015fek, Ramazan ay\u0131n\u0131 tebrik etti. Esnaf\u0131n dile getirdi\u011fi sorun, talep ve beklentileri dinleyen \u015eim\u015fek, iletilen konular\u0131 not alarak \u00e7\u00f6z\u00fcm odakl\u0131 \u00e7al\u0131\u015fmalar y\u00fcr\u00fctmeye devam edeceklerini ifade etti.<br \/>\n<br \/>Ramazan ay\u0131n\u0131n birlik, beraberlik ve dayan\u0131\u015fma ay\u0131 oldu\u011funa dikkat \u00e7eken \u015eim\u015fek, &#8220;Esnaf\u0131m\u0131z kentimizin ekonomik ve sosyal hayat\u0131n\u0131n \u00f6nemli bir par\u00e7as\u0131. Her zaman oldu\u011fu gibi Ramazan ay\u0131nda da hem\u015fehrilerimizle ve esnaf\u0131m\u0131zla bir araya gelmeye, onlar\u0131n yan\u0131nda olmaya devam edece\u011fiz&#8221; dedi.<br \/>\n<br \/>Galericiler Sitesi esnaf\u0131 ise ziyaretten duyduklar\u0131 memnuniyeti dile getirerek Ba\u015fkan \u015eim\u015fek\u2019e te\u015fekk\u00fcr etti.<br \/><\/p>\n","protected":false},"excerpt":{"rendered":"<p>\u015eehzadeler Belediye Ba\u015fkan\u0131 Hakan \u015eim\u015fek, Galericiler Sitesi esnaf\u0131yla bir araya gelerek hem Ramazan tebri\u011finde bulundu hem de talep ve beklentileri dinledi. Esnaf\u0131n sorunlar\u0131n\u0131 tek tek not alan \u015eim\u015fek, \u00e7\u00f6z\u00fcm odakl\u0131 \u00e7al\u0131\u015fmalar\u0131n s\u00fcrece\u011fini vurgulad\u0131. \u015eehzadeler Belediye Ba\u015fkan\u0131 Hakan \u015eim\u015fek, Ramazan ay\u0131 dolay\u0131s\u0131yla esnaf ziyaretlerini s\u00fcrd\u00fcr\u00fcyor. Bu kapsamda Galericiler Sitesi\u2019ni ziyaret eden Ba\u015fkan \u015eim\u015fek, site esnaf\u0131yla bir&#8230;<\/p>\n","protected":false},"author":1,"featured_media":90013,"comment_status":"open","ping_status":"open","sticky":false,"template":"","format":"standard","meta":{"_crdt_document":"","footnotes":""},"categories":[127],"tags":[],"class_list":["post-90012","post","type-post","status-publish","format-standard","has-post-thumbnail","hentry","category-siyaset"],"_links":{"self":[{"href":"https:\/\/www.egemtv.com\/index.php?rest_route=\/wp\/v2\/posts\/90012","targetHints":{"allow":["GET"]}}],"collection":[{"href":"https:\/\/www.egemtv.com\/index.php?rest_route=\/wp\/v2\/posts"}],"about":[{"href":"https:\/\/www.egemtv.com\/index.php?rest_route=\/wp\/v2\/types\/post"}],"author":[{"embeddable":true,"href":"https:\/\/www.egemtv.com\/index.php?rest_route=\/wp\/v2\/users\/1"}],"replies":[{"embeddable":true,"href":"https:\/\/www.egemtv.com\/index.php?rest_route=%2Fwp%2Fv2%2Fcomments&post=90012"}],"version-history":[{"count":1,"href":"https:\/\/www.egemtv.com\/index.php?rest_route=\/wp\/v2\/posts\/90012\/revisions"}],"predecessor-version":[{"id":90014,"href":"https:\/\/www.egemtv.com\/index.php?rest_route=\/wp\/v2\/posts\/90012\/revisions\/90014"}],"wp:featuredmedia":[{"embeddable":true,"href":"https:\/\/www.egemtv.com\/index.php?rest_route=\/wp\/v2\/media\/90013"}],"wp:attachment":[{"href":"https:\/\/www.egemtv.com\/index.php?rest_route=%2Fwp%2Fv2%2Fmedia&parent=90012"}],"wp:term":[{"taxonomy":"category","embeddable":true,"href":"https:\/\/www.egemtv.com\/index.php?rest_route=%2Fwp%2Fv2%2Fcategories&post=90012"},{"taxonomy":"post_tag","embeddable":true,"href":"https:\/\/www.egemtv.com\/index.php?rest_route=%2Fwp%2Fv2%2Ftags&post=90012"}],"curies":[{"name":"wp","href":"https:\/\/api.w.org\/{rel}","templated":true}]}}