{"id":90009,"date":"2026-02-24T10:35:01","date_gmt":"2026-02-24T07:35:01","guid":{"rendered":"https:\/\/www.egemtv.com\/?p=90009"},"modified":"2026-02-24T10:35:02","modified_gmt":"2026-02-24T07:35:02","slug":"kutahyada-etwinning-basari-odul-toreni-duzenlendi","status":"publish","type":"post","link":"https:\/\/www.egemtv.com\/?p=90009","title":{"rendered":"K\u00fctahya\u2019da eTwinning ba\u015far\u0131 \u00f6d\u00fcl t\u00f6reni d\u00fczenlendi"},"content":{"rendered":"<p>K\u00fctahya \u0130l Milli E\u011fitim M\u00fcd\u00fcrl\u00fc\u011f\u00fc koordinesinde y\u00fcr\u00fct\u00fclen eTwinning projeleri kapsam\u0131nda ba\u015far\u0131 g\u00f6steren okul, \u00f6\u011fretmen ve \u00f6\u011frenciler i\u00e7in \u00f6d\u00fcl ve sertifika takdim program\u0131 ger\u00e7ekle\u015ftirildi.<br \/>\n<br \/>\u0130l Milli E\u011fitim M\u00fcd\u00fcrl\u00fc\u011f\u00fc Beylerbeyi Salonu\u2019nda yo\u011fun kat\u0131l\u0131mla d\u00fczenlenen program, Ahmet Yakupo\u011flu G\u00fczel Sanatlar Lisesi \u00f6\u011frencilerinin ger\u00e7ekle\u015ftirdi\u011fi m\u00fczik sunumuyla ba\u015flad\u0131. Sanat dolu a\u00e7\u0131l\u0131\u015f, kat\u0131l\u0131mc\u0131lardan b\u00fcy\u00fck be\u011feni toplad\u0131.<br \/>\n<br \/>Programda; eTwinning projelerinde \u00fcst\u00fcn ba\u015far\u0131 g\u00f6steren okul, \u00f6\u011fretmen ve \u00f6\u011frencilerin \u00e7al\u0131\u015fmalar\u0131n\u0131 g\u00f6r\u00fcn\u00fcr k\u0131lmak, iyi uygulama \u00f6rneklerini yayg\u0131nla\u015ft\u0131rmak ve proje k\u00fclt\u00fcr\u00fcn\u00fc g\u00fc\u00e7lendirmek amac\u0131yla bir araya gelindi. Etkinlik s\u00fcresince e\u011fitimde dijitalle\u015fme, yenilik\u00e7i \u00f6\u011frenme ortamlar\u0131 ve uluslararas\u0131 i\u015f birliklerinin \u00f6nemi vurguland\u0131.<br \/>\n<br \/>A\u00e7\u0131l\u0131\u015f konu\u015fmalar\u0131nda, Yenilik ve E\u011fitim Teknolojileri Genel M\u00fcd\u00fcrl\u00fc\u011f\u00fc taraf\u0131ndan y\u00fcr\u00fct\u00fclen \u00e7al\u0131\u015fmalar\u0131n e\u011fitimde teknoloji entegrasyonu ve yenilik\u00e7i \u00f6\u011frenme yakla\u015f\u0131mlar\u0131na \u00f6nemli katk\u0131lar sundu\u011fu ifade edildi. eTwinning faaliyetlerinin 2009 y\u0131l\u0131ndan bu yana T\u00fcrkiye\u2019de kesintisiz s\u00fcrd\u00fcr\u00fcld\u00fc\u011f\u00fc ve her y\u0131l daha geni\u015f kitlelere ula\u015ft\u0131\u011f\u0131 belirtildi.<br \/>\n<br \/>Programda konu\u015fan K\u00fctahya \u0130l Milli E\u011fitim M\u00fcd\u00fcr\u00fc Mustafa Y\u0131lmaz, eTwinning \u00e7al\u0131\u015fmalar\u0131n\u0131n yaln\u0131zca proje \u00fcretmekten ibaret olmad\u0131\u011f\u0131n\u0131, ayn\u0131 zamanda e\u011fitim kalitesini, k\u00fclt\u00fcrel miras\u0131 ve milli de\u011ferleri uluslararas\u0131 platformlarda temsil etme f\u0131rsat\u0131 sundu\u011funu dile getirdi. Dijital platformlar arac\u0131l\u0131\u011f\u0131yla farkl\u0131 \u00fclkelerden \u00f6\u011frenci ve \u00f6\u011fretmenlerle ayn\u0131 \u00f6\u011frenme ortam\u0131nda bulu\u015fulabildi\u011fini belirten M\u00fcd\u00fcr Y\u0131lmaz, bu etkile\u015fimin e\u011fitimde kaliteyi art\u0131ran \u00f6nemli bir g\u00fc\u00e7 oldu\u011funu vurgulad\u0131.<br \/>\n<br \/>\u00d6\u011fretmenlerin \u00f6zverili \u00e7al\u0131\u015fmalar\u0131n\u0131n e\u011fitim sisteminin en g\u00fc\u00e7l\u00fc unsuru oldu\u011funu ifade eden Y\u0131lmaz, elde edilen ba\u015far\u0131lar\u0131n artarak devam edece\u011fine inand\u0131\u011f\u0131n\u0131 belirterek, motivasyon ve kararl\u0131l\u0131kla \u00e7ok daha b\u00fcy\u00fck ba\u015far\u0131lara imza at\u0131labilece\u011fini s\u00f6yledi.<br \/>\n<br \/>Program sonunda kalite etiketi almaya hak kazanan okullar alfabetik s\u0131rayla sahneye davet edilerek sertifika ve belgeleri takdim edildi.<br \/><\/p>\n","protected":false},"excerpt":{"rendered":"<p>K\u00fctahya \u0130l Milli E\u011fitim M\u00fcd\u00fcrl\u00fc\u011f\u00fc koordinesinde y\u00fcr\u00fct\u00fclen eTwinning projeleri kapsam\u0131nda ba\u015far\u0131 g\u00f6steren okul, \u00f6\u011fretmen ve \u00f6\u011frenciler i\u00e7in \u00f6d\u00fcl ve sertifika takdim program\u0131 ger\u00e7ekle\u015ftirildi. \u0130l Milli E\u011fitim M\u00fcd\u00fcrl\u00fc\u011f\u00fc Beylerbeyi Salonu\u2019nda yo\u011fun kat\u0131l\u0131mla d\u00fczenlenen program, Ahmet Yakupo\u011flu G\u00fczel Sanatlar Lisesi \u00f6\u011frencilerinin ger\u00e7ekle\u015ftirdi\u011fi m\u00fczik sunumuyla ba\u015flad\u0131. Sanat dolu a\u00e7\u0131l\u0131\u015f, kat\u0131l\u0131mc\u0131lardan b\u00fcy\u00fck be\u011feni toplad\u0131. Programda; eTwinning projelerinde \u00fcst\u00fcn ba\u015far\u0131&#8230;<\/p>\n","protected":false},"author":1,"featured_media":90010,"comment_status":"open","ping_status":"open","sticky":false,"template":"","format":"standard","meta":{"_crdt_document":"","footnotes":""},"categories":[1],"tags":[],"class_list":["post-90009","post","type-post","status-publish","format-standard","has-post-thumbnail","hentry","category-guncel"],"_links":{"self":[{"href":"https:\/\/www.egemtv.com\/index.php?rest_route=\/wp\/v2\/posts\/90009","targetHints":{"allow":["GET"]}}],"collection":[{"href":"https:\/\/www.egemtv.com\/index.php?rest_route=\/wp\/v2\/posts"}],"about":[{"href":"https:\/\/www.egemtv.com\/index.php?rest_route=\/wp\/v2\/types\/post"}],"author":[{"embeddable":true,"href":"https:\/\/www.egemtv.com\/index.php?rest_route=\/wp\/v2\/users\/1"}],"replies":[{"embeddable":true,"href":"https:\/\/www.egemtv.com\/index.php?rest_route=%2Fwp%2Fv2%2Fcomments&post=90009"}],"version-history":[{"count":1,"href":"https:\/\/www.egemtv.com\/index.php?rest_route=\/wp\/v2\/posts\/90009\/revisions"}],"predecessor-version":[{"id":90011,"href":"https:\/\/www.egemtv.com\/index.php?rest_route=\/wp\/v2\/posts\/90009\/revisions\/90011"}],"wp:featuredmedia":[{"embeddable":true,"href":"https:\/\/www.egemtv.com\/index.php?rest_route=\/wp\/v2\/media\/90010"}],"wp:attachment":[{"href":"https:\/\/www.egemtv.com\/index.php?rest_route=%2Fwp%2Fv2%2Fmedia&parent=90009"}],"wp:term":[{"taxonomy":"category","embeddable":true,"href":"https:\/\/www.egemtv.com\/index.php?rest_route=%2Fwp%2Fv2%2Fcategories&post=90009"},{"taxonomy":"post_tag","embeddable":true,"href":"https:\/\/www.egemtv.com\/index.php?rest_route=%2Fwp%2Fv2%2Ftags&post=90009"}],"curies":[{"name":"wp","href":"https:\/\/api.w.org\/{rel}","templated":true}]}}