{"id":90006,"date":"2026-02-24T10:35:00","date_gmt":"2026-02-24T07:35:00","guid":{"rendered":"https:\/\/www.egemtv.com\/?p=90006"},"modified":"2026-02-24T10:35:00","modified_gmt":"2026-02-24T07:35:00","slug":"tavsanli-devlet-ana-kiz-anadolu-imam-hatip-lisesinde-iftar-programi","status":"publish","type":"post","link":"https:\/\/www.egemtv.com\/?p=90006","title":{"rendered":"Tav\u015fanl\u0131 Devlet Ana K\u0131z Anadolu \u0130mam Hatip Lisesi\u2019nde iftar program\u0131"},"content":{"rendered":"<p>K\u00fctahya\u2019n\u0131n Tav\u015fanl\u0131 \u0130l\u00e7esinde &#8220;Maarifin Kalbinde Ramazan&#8221; etkinlikleri kapsam\u0131nda Devlet Ana K\u0131z Anadolu \u0130mam Hatip Lisesi\u2019nde iftar program\u0131 d\u00fczenlendi.<br \/>\n<br \/>Programa K\u00fctahya \u0130l Milli E\u011fitim M\u00fcd\u00fcr\u00fc Mustafa Y\u0131lmaz, AK Parti K\u00fctahya Milletvekili Mehmet Demir, Tav\u015fanl\u0131 Kaymakam\u0131 \u00d6mer Faruk \u00d6zdemir, Tav\u015fanl\u0131 Belediye Ba\u015fkan\u0131 Ali Kemal Derin, mill\u00ee e\u011fitim m\u00fcd\u00fcr yard\u0131mc\u0131lar\u0131, okul idarecileri, \u00f6\u011fretmenler ve \u00f6\u011frenciler kat\u0131ld\u0131. \u0130ftar program\u0131 \u00f6ncesinde sahnelenen geleneksel Hacivat-Karag\u00f6z g\u00f6sterisi, Ramazan ay\u0131n\u0131n manevi atmosferine anlam katt\u0131. \u00d6\u011frenciler taraf\u0131ndan ilgiyle izlenen g\u00f6steri, programa renkli ve k\u00fclt\u00fcrel bir zenginlik katt\u0131. Programda konu\u015fan \u0130l Mill\u00ee E\u011fitim M\u00fcd\u00fcr\u00fc Mustafa Y\u0131lmaz, Ramazan ay\u0131n\u0131n tutulan oru\u00e7lar ve manevi iklimiyle birlik ve beraberli\u011fi g\u00fc\u00e7lendiren m\u00fcstesna bir zaman dilimi oldu\u011funu ifade etti. Y\u0131lmaz, gelenek ve g\u00f6reneklere sahip \u00e7\u0131kman\u0131n, aile b\u00fcy\u00fcklerine sayg\u0131da kusur etmemenin ve payla\u015fma k\u00fclt\u00fcr\u00fcn\u00fc ya\u015fatman\u0131n \u00f6nemine vurgu yapt\u0131. Birlik, beraberlik ve payla\u015fma duygular\u0131n\u0131n \u00f6n plana \u00e7\u0131kt\u0131\u011f\u0131 programda, &#8220;Maarifin Kalbinde Ramazan&#8221; anlay\u0131\u015f\u0131yla ayn\u0131 sofrada bulu\u015fman\u0131n huzuru hep birlikte ya\u015fand\u0131.<br \/><\/p>\n","protected":false},"excerpt":{"rendered":"<p>K\u00fctahya\u2019n\u0131n Tav\u015fanl\u0131 \u0130l\u00e7esinde &#8220;Maarifin Kalbinde Ramazan&#8221; etkinlikleri kapsam\u0131nda Devlet Ana K\u0131z Anadolu \u0130mam Hatip Lisesi\u2019nde iftar program\u0131 d\u00fczenlendi. Programa K\u00fctahya \u0130l Milli E\u011fitim M\u00fcd\u00fcr\u00fc Mustafa Y\u0131lmaz, AK Parti K\u00fctahya Milletvekili Mehmet Demir, Tav\u015fanl\u0131 Kaymakam\u0131 \u00d6mer Faruk \u00d6zdemir, Tav\u015fanl\u0131 Belediye Ba\u015fkan\u0131 Ali Kemal Derin, mill\u00ee e\u011fitim m\u00fcd\u00fcr yard\u0131mc\u0131lar\u0131, okul idarecileri, \u00f6\u011fretmenler ve \u00f6\u011frenciler kat\u0131ld\u0131. \u0130ftar program\u0131&#8230;<\/p>\n","protected":false},"author":1,"featured_media":90007,"comment_status":"open","ping_status":"open","sticky":false,"template":"","format":"standard","meta":{"_crdt_document":"","footnotes":""},"categories":[123],"tags":[],"class_list":["post-90006","post","type-post","status-publish","format-standard","has-post-thumbnail","hentry","category-gundem"],"_links":{"self":[{"href":"https:\/\/www.egemtv.com\/index.php?rest_route=\/wp\/v2\/posts\/90006","targetHints":{"allow":["GET"]}}],"collection":[{"href":"https:\/\/www.egemtv.com\/index.php?rest_route=\/wp\/v2\/posts"}],"about":[{"href":"https:\/\/www.egemtv.com\/index.php?rest_route=\/wp\/v2\/types\/post"}],"author":[{"embeddable":true,"href":"https:\/\/www.egemtv.com\/index.php?rest_route=\/wp\/v2\/users\/1"}],"replies":[{"embeddable":true,"href":"https:\/\/www.egemtv.com\/index.php?rest_route=%2Fwp%2Fv2%2Fcomments&post=90006"}],"version-history":[{"count":1,"href":"https:\/\/www.egemtv.com\/index.php?rest_route=\/wp\/v2\/posts\/90006\/revisions"}],"predecessor-version":[{"id":90008,"href":"https:\/\/www.egemtv.com\/index.php?rest_route=\/wp\/v2\/posts\/90006\/revisions\/90008"}],"wp:featuredmedia":[{"embeddable":true,"href":"https:\/\/www.egemtv.com\/index.php?rest_route=\/wp\/v2\/media\/90007"}],"wp:attachment":[{"href":"https:\/\/www.egemtv.com\/index.php?rest_route=%2Fwp%2Fv2%2Fmedia&parent=90006"}],"wp:term":[{"taxonomy":"category","embeddable":true,"href":"https:\/\/www.egemtv.com\/index.php?rest_route=%2Fwp%2Fv2%2Fcategories&post=90006"},{"taxonomy":"post_tag","embeddable":true,"href":"https:\/\/www.egemtv.com\/index.php?rest_route=%2Fwp%2Fv2%2Ftags&post=90006"}],"curies":[{"name":"wp","href":"https:\/\/api.w.org\/{rel}","templated":true}]}}