{"id":90003,"date":"2026-02-24T10:34:59","date_gmt":"2026-02-24T07:34:59","guid":{"rendered":"https:\/\/www.egemtv.com\/?p=90003"},"modified":"2026-02-24T10:35:00","modified_gmt":"2026-02-24T07:35:00","slug":"denizli-kiz-yurtlarinda-modern-kafeterya-konsepti","status":"publish","type":"post","link":"https:\/\/www.egemtv.com\/?p=90003","title":{"rendered":"Denizli k\u0131z yurtlar\u0131nda modern kafeterya konsepti"},"content":{"rendered":"<p>Gen\u00e7lik ve Spor Bakanl\u0131\u011f\u0131 Denizli K\u0131z Yurtlar\u0131nda kalan \u00f6\u011frencilerin talepleri do\u011frultusunda, yeni nesil anlay\u0131\u015fla tasarlanan kafeterya hizmete girdi. 545 m2 alana sahip, modern tasar\u0131m detaylar\u0131yla dikkat \u00e7eken kafeteryada \u00f6\u011frenciler serbest zamanlar\u0131nda ders \u00e7al\u0131\u015fabiliyor, arkada\u015flar\u0131yla keyifli vakit ge\u00e7irebiliyor.<\/p>\n<p>Denizli Gen\u00e7lik ve Spor \u0130l M\u00fcd\u00fcrl\u00fc\u011f\u00fc b\u00fcnyesinde hizmet veren k\u0131z \u00f6\u011frenci yurtlar\u0131nda \u00f6nemli bir d\u00f6n\u00fc\u015f\u00fcm projesi hayata ge\u00e7irildi. \u00d6\u011frencilerin talepleri do\u011frultusunda yurtlar\u0131n sosyal tesisinde bulunan kantin alan\u0131, kapsaml\u0131 bir yenileme \u00e7al\u0131\u015fmas\u0131yla modern ve l\u00fcks bir kafeteryaya d\u00f6n\u00fc\u015ft\u00fcr\u00fcld\u00fc.<\/p>\n<p>Duvar renklerinden mobilyalara kadar \u00f6\u011frenciler karar verdi<br \/>\n<br \/>Yakla\u015f\u0131k iki ay kadar \u00f6nce yurtta kalan \u00f6\u011frencilerin talebiyle hem sosyalle\u015fme hem de ders \u00e7al\u0131\u015f\u0131labilecek \u00e7ok y\u00f6nl\u00fc bir ya\u015fam alan\u0131 i\u00e7in harekete ge\u00e7ildi. Sosyal Tesisler 1. Kat\u0131nda yer alan 545 m2 metrekarelik alan \u00f6\u011frencilerin belirledi\u011fi konseptte m\u00fcstecir taraf\u0131ndan tamamen yenilenirken duvar renklerinden mobilyalara, ayd\u0131nlatmalardan masa d\u00fczenine her bir ayr\u0131nt\u0131ya \u00f6\u011frenciler karar verdi.  \u00d6\u011frencilerin keyifle vakit ge\u00e7irebildi\u011fi ve rahatl\u0131kla ders \u00e7al\u0131\u015fabildi\u011fi nitelikli bir sosyal ortama d\u00f6n\u00fc\u015fen kafeterya, ge\u00e7ti\u011fimiz g\u00fcnlerde hizmete girdi. Konfor ve esteti\u011fi bir araya getiren yeni nesil mobilyalar, \u00e7al\u0131\u015fma masalar\u0131, dinlenme alanlar\u0131 ve oturma gruplar\u0131 mek\u00e2nda dikkat \u00e7ekiyor.<\/p>\n<p>\u00d6\u011frencilerden yeni kafeteryaya tam not<br \/>\n<br \/>Kafeterya alan\u0131ndaki uygulamadan memnun olduklar\u0131n\u0131 ifade eden \u00f6\u011frenciler, \u00e7al\u0131\u015fma motivasyonlar\u0131n\u0131n artt\u0131\u011f\u0131n\u0131, yurt ya\u015fam\u0131n\u0131n daha konforlu hale geldi\u011fini s\u00f6yledi. &#8220;Art\u0131k ders aralar\u0131nda ya da ak\u015fam saatlerinde d\u0131\u015far\u0131 \u00e7\u0131kma ihtiyac\u0131 duymadan nezih bir ortamda arkada\u015flar\u0131m\u0131zla vakit ge\u00e7irebiliyoruz&#8221; s\u00f6zleriyle memnuniyetlerini dile getirdiler.<\/p>\n<p>Erdo\u011fan &#8220;\u00d6\u011frencilerimiz i\u00e7in \u00f6nemli bir kazan\u0131m oldu&#8221;<br \/>\n<br \/>Modern kafeterya konseptinin gen\u00e7lerin hem dinlenebilece\u011fi, hem ders \u00e7al\u0131\u015fabilece\u011fi, hem de sosyalle\u015febilece\u011fi bir ortam sundu\u011funu s\u00f6yleyen Gen\u00e7lik ve Spor \u0130l M\u00fcd\u00fcr\u00fc S\u00fcleyman Erdo\u011fan, yenilenen sosyal alan\u0131n \u00f6\u011frenciler i\u00e7in \u00f6nemli bir kazan\u0131m oldu\u011funu dile getirdi. Yurtlarda gen\u00e7lerin kendilerini g\u00fcvenli ve konforlu hissettikleri ya\u015fam alanlar\u0131n\u0131n \u00f6ncelikleri oldu\u011funu vurgulayan Erdo\u011fan, \u00f6\u011frencilerin g\u00f6r\u00fc\u015f ve \u00f6nerilerinin k\u0131ymetli oldu\u011funu dile getirdi.<br \/><\/p>\n","protected":false},"excerpt":{"rendered":"<p>Gen\u00e7lik ve Spor Bakanl\u0131\u011f\u0131 Denizli K\u0131z Yurtlar\u0131nda kalan \u00f6\u011frencilerin talepleri do\u011frultusunda, yeni nesil anlay\u0131\u015fla tasarlanan kafeterya hizmete girdi. 545 m2 alana sahip, modern tasar\u0131m detaylar\u0131yla dikkat \u00e7eken kafeteryada \u00f6\u011frenciler serbest zamanlar\u0131nda ders \u00e7al\u0131\u015fabiliyor, arkada\u015flar\u0131yla keyifli vakit ge\u00e7irebiliyor. Denizli Gen\u00e7lik ve Spor \u0130l M\u00fcd\u00fcrl\u00fc\u011f\u00fc b\u00fcnyesinde hizmet veren k\u0131z \u00f6\u011frenci yurtlar\u0131nda \u00f6nemli bir d\u00f6n\u00fc\u015f\u00fcm projesi hayata ge\u00e7irildi&#8230;.<\/p>\n","protected":false},"author":1,"featured_media":90004,"comment_status":"open","ping_status":"open","sticky":false,"template":"","format":"standard","meta":{"_crdt_document":"","footnotes":""},"categories":[1],"tags":[],"class_list":["post-90003","post","type-post","status-publish","format-standard","has-post-thumbnail","hentry","category-guncel"],"_links":{"self":[{"href":"https:\/\/www.egemtv.com\/index.php?rest_route=\/wp\/v2\/posts\/90003","targetHints":{"allow":["GET"]}}],"collection":[{"href":"https:\/\/www.egemtv.com\/index.php?rest_route=\/wp\/v2\/posts"}],"about":[{"href":"https:\/\/www.egemtv.com\/index.php?rest_route=\/wp\/v2\/types\/post"}],"author":[{"embeddable":true,"href":"https:\/\/www.egemtv.com\/index.php?rest_route=\/wp\/v2\/users\/1"}],"replies":[{"embeddable":true,"href":"https:\/\/www.egemtv.com\/index.php?rest_route=%2Fwp%2Fv2%2Fcomments&post=90003"}],"version-history":[{"count":1,"href":"https:\/\/www.egemtv.com\/index.php?rest_route=\/wp\/v2\/posts\/90003\/revisions"}],"predecessor-version":[{"id":90005,"href":"https:\/\/www.egemtv.com\/index.php?rest_route=\/wp\/v2\/posts\/90003\/revisions\/90005"}],"wp:featuredmedia":[{"embeddable":true,"href":"https:\/\/www.egemtv.com\/index.php?rest_route=\/wp\/v2\/media\/90004"}],"wp:attachment":[{"href":"https:\/\/www.egemtv.com\/index.php?rest_route=%2Fwp%2Fv2%2Fmedia&parent=90003"}],"wp:term":[{"taxonomy":"category","embeddable":true,"href":"https:\/\/www.egemtv.com\/index.php?rest_route=%2Fwp%2Fv2%2Fcategories&post=90003"},{"taxonomy":"post_tag","embeddable":true,"href":"https:\/\/www.egemtv.com\/index.php?rest_route=%2Fwp%2Fv2%2Ftags&post=90003"}],"curies":[{"name":"wp","href":"https:\/\/api.w.org\/{rel}","templated":true}]}}