{"id":89997,"date":"2026-02-24T10:34:56","date_gmt":"2026-02-24T07:34:56","guid":{"rendered":"https:\/\/www.egemtv.com\/?p=89997"},"modified":"2026-02-24T10:34:56","modified_gmt":"2026-02-24T07:34:56","slug":"alasehirli-karateci-turkiyenin-zirvesinde","status":"publish","type":"post","link":"https:\/\/www.egemtv.com\/?p=89997","title":{"rendered":"Ala\u015fehirli karateci T\u00fcrkiye\u2019nin zirvesinde"},"content":{"rendered":"<p>Manisa\u2019da d\u00fczenlenen B\u00fcy\u00fckler ve Veteranlar T\u00fcrkiye Karate \u015eampiyonas\u0131\u2019nda Ala\u015fehir Belediye Spor\u2019un ba\u015far\u0131l\u0131 sporcusu \u0130lknur Yal\u00e7\u0131n, Veteranlar kategorisinde T\u00fcrkiye \u015eampiyonu olarak alt\u0131n madalyaya uzand\u0131.<br \/>\n<br \/>12-15 \u015eubat 2026 tarihleri aras\u0131nda Manisa\u2019da ger\u00e7ekle\u015ftirilen B\u00fcy\u00fckler ve Veteranlar T\u00fcrkiye Karate \u015eampiyonas\u0131\u2019nda Ala\u015fehir Belediye Spor r\u00fczg\u00e2r\u0131 esti. Veteranlar kategorisinde m\u00fccadele eden \u0130lknur Yal\u00e7\u0131n, sergiledi\u011fi \u00fcst\u00fcn performansla t\u00fcm rakiplerini geride b\u0131rakarak T\u00fcrkiye \u015eampiyonu oldu.<br \/>\n<br \/>Alt\u0131n madalyaya uzanan Yal\u00e7\u0131n\u2019\u0131n ba\u015far\u0131s\u0131 Ala\u015fehir\u2019de b\u00fcy\u00fck sevin\u00e7le kar\u015f\u0131land\u0131. Spor camias\u0131 ve il\u00e7e halk\u0131, elde edilen derecenin gurur verici oldu\u011funu ifade etti.<br \/>\n<br \/>Ala\u015fehir Belediye Ba\u015fkan\u0131 Ahmet \u00d6k\u00fczc\u00fco\u011flu, \u015fampiyon sporcuyu tebrik ederek, &#8220;Sporcumuzun elde etti\u011fi bu \u00f6nemli ba\u015far\u0131, il\u00e7emiz ad\u0131na b\u00fcy\u00fck bir gurur kayna\u011f\u0131d\u0131r. Bu derecede eme\u011fi ge\u00e7en antren\u00f6rlerimize ve kul\u00fcp y\u00f6neticilerimize te\u015fekk\u00fcr ediyorum. Biz her zaman sporun ve sporcunun yan\u0131nda olduk, olmaya da devam edece\u011fiz&#8221; dedi.<br \/>\n<br \/>Kul\u00fcp sporcular\u0131 da desteklerinden dolay\u0131 Ba\u015fkan \u00d6k\u00fczc\u00fco\u011flu\u2019na te\u015fekk\u00fcr ederek, belediyenin katk\u0131lar\u0131n\u0131n ba\u015far\u0131da \u00f6nemli pay sahibi oldu\u011funu vurgulad\u0131.<\/p>\n<p>Hedef: Balkan \u015eampiyonlu\u011fu<br \/>\n<br \/>Ba\u015far\u0131lar\u0131yla dikkat \u00e7eken milli sporcu \u0130lknur Yal\u00e7\u0131n\u2019\u0131n hedef b\u00fcy\u00fctt\u00fc\u011f\u00fc \u00f6\u011frenildi. Yal\u00e7\u0131n, 27 \u015eubat &#8211; 1 Nisan 2026 tarihleri aras\u0131nda Bosna Hersek\u2019te d\u00fczenlenecek Balkan B\u00fcy\u00fckler ve Veteranlar Karate \u015eampiyonas\u0131\u2019nda T\u00fcrkiye\u2019yi ve kul\u00fcb\u00fcn\u00fc temsil edecek. \u015eampiyon sporcu, hedefinin Balkan \u015fampiyonlu\u011fu oldu\u011funu belirtti.<br \/><\/p>\n","protected":false},"excerpt":{"rendered":"<p>Manisa\u2019da d\u00fczenlenen B\u00fcy\u00fckler ve Veteranlar T\u00fcrkiye Karate \u015eampiyonas\u0131\u2019nda Ala\u015fehir Belediye Spor\u2019un ba\u015far\u0131l\u0131 sporcusu \u0130lknur Yal\u00e7\u0131n, Veteranlar kategorisinde T\u00fcrkiye \u015eampiyonu olarak alt\u0131n madalyaya uzand\u0131. 12-15 \u015eubat 2026 tarihleri aras\u0131nda Manisa\u2019da ger\u00e7ekle\u015ftirilen B\u00fcy\u00fckler ve Veteranlar T\u00fcrkiye Karate \u015eampiyonas\u0131\u2019nda Ala\u015fehir Belediye Spor r\u00fczg\u00e2r\u0131 esti. Veteranlar kategorisinde m\u00fccadele eden \u0130lknur Yal\u00e7\u0131n, sergiledi\u011fi \u00fcst\u00fcn performansla t\u00fcm rakiplerini geride b\u0131rakarak T\u00fcrkiye&#8230;<\/p>\n","protected":false},"author":1,"featured_media":89998,"comment_status":"open","ping_status":"open","sticky":false,"template":"","format":"standard","meta":{"_crdt_document":"","footnotes":""},"categories":[4],"tags":[],"class_list":["post-89997","post","type-post","status-publish","format-standard","has-post-thumbnail","hentry","category-spor"],"_links":{"self":[{"href":"https:\/\/www.egemtv.com\/index.php?rest_route=\/wp\/v2\/posts\/89997","targetHints":{"allow":["GET"]}}],"collection":[{"href":"https:\/\/www.egemtv.com\/index.php?rest_route=\/wp\/v2\/posts"}],"about":[{"href":"https:\/\/www.egemtv.com\/index.php?rest_route=\/wp\/v2\/types\/post"}],"author":[{"embeddable":true,"href":"https:\/\/www.egemtv.com\/index.php?rest_route=\/wp\/v2\/users\/1"}],"replies":[{"embeddable":true,"href":"https:\/\/www.egemtv.com\/index.php?rest_route=%2Fwp%2Fv2%2Fcomments&post=89997"}],"version-history":[{"count":1,"href":"https:\/\/www.egemtv.com\/index.php?rest_route=\/wp\/v2\/posts\/89997\/revisions"}],"predecessor-version":[{"id":89999,"href":"https:\/\/www.egemtv.com\/index.php?rest_route=\/wp\/v2\/posts\/89997\/revisions\/89999"}],"wp:featuredmedia":[{"embeddable":true,"href":"https:\/\/www.egemtv.com\/index.php?rest_route=\/wp\/v2\/media\/89998"}],"wp:attachment":[{"href":"https:\/\/www.egemtv.com\/index.php?rest_route=%2Fwp%2Fv2%2Fmedia&parent=89997"}],"wp:term":[{"taxonomy":"category","embeddable":true,"href":"https:\/\/www.egemtv.com\/index.php?rest_route=%2Fwp%2Fv2%2Fcategories&post=89997"},{"taxonomy":"post_tag","embeddable":true,"href":"https:\/\/www.egemtv.com\/index.php?rest_route=%2Fwp%2Fv2%2Ftags&post=89997"}],"curies":[{"name":"wp","href":"https:\/\/api.w.org\/{rel}","templated":true}]}}