{"id":89994,"date":"2026-02-24T10:34:54","date_gmt":"2026-02-24T07:34:54","guid":{"rendered":"https:\/\/www.egemtv.com\/?p=89994"},"modified":"2026-02-24T10:34:55","modified_gmt":"2026-02-24T07:34:55","slug":"firtinada-devrilen-ilgin-agaclari-yeniden-toprakla-bulusuyor","status":"publish","type":"post","link":"https:\/\/www.egemtv.com\/?p=89994","title":{"rendered":"F\u0131rt\u0131nada devrilen Ilg\u0131n a\u011fa\u00e7lar\u0131 yeniden toprakla bulu\u015fuyor"},"content":{"rendered":"<p>Belediye ekipleri, Bodrum\u2019da f\u0131rt\u0131nada devrilen \u0131lg\u0131n a\u011fa\u00e7lar\u0131n\u0131 tekni\u011fine uygun \u015fekilde budayarak bulunduklar\u0131 alana yeniden dikiyor.<\/p>\n<p>Kent genelinde 13-17 \u015eubat tarihleri aras\u0131nda etkili olan olumsuz hava \u015fartlar\u0131 nedeniyle M\u00fcskebi Mahallesi Kabakum Plaj\u0131\u2019nda 4, Yal\u0131kavak Mahallesi K\u00fcd\u00fcr mevkiinde 25 Ilg\u0131n a\u011fac\u0131 ile 2 Akasya a\u011fac\u0131 devrildi.<\/p>\n<p>F\u0131rt\u0131nan\u0131n ard\u0131ndan Bodrum Belediyesi Park ve Bah\u00e7eler M\u00fcd\u00fcrl\u00fc\u011f\u00fc ekipleri, M\u00fcskebi Mahallesi Kabakum Plaj\u0131\u2019n\u0131n 2. derece do\u011fal sit alan\u0131 olmas\u0131, Yal\u0131kavak Mahallesi K\u00fcd\u00fcr mevkiinin kesin korunacak hassas alanda kalmas\u0131 sebebiyle Mu\u011fla \u00c7evre, \u015eehircilik ve \u0130klim De\u011fi\u015fikli\u011fi \u0130l M\u00fcd\u00fcrl\u00fc\u011f\u00fcnden al\u0131nan izin \u00e7er\u00e7evesinde \u00e7al\u0131\u015fmalara ba\u015flad\u0131. Bu kapsamda M\u00fcskebi Mahallesi Kabakum mevkiinde bulunan 4, Yal\u0131kavak Mahallesi K\u00fcd\u00fcr mevkiinde 6 Ilg\u0131n a\u011fac\u0131n\u0131n gerekli budamalar\u0131 yap\u0131larak koruyucu macun uygulamas\u0131n\u0131n ard\u0131ndan eski yerlerine dikimi sa\u011fland\u0131.<\/p>\n<p>Ekipler Kabakum Plaj\u0131\u2019ndaki \u00e7al\u0131\u015fmalar\u0131n\u0131 tamamlarken, K\u00fcd\u00fcr mevkiindeki iki noktada \u00e7al\u0131\u015fmalar\u0131n devam etti\u011fini bildirdi.<\/p>\n<p>Ge\u00e7ti\u011fimiz hafta etkili olan f\u0131rt\u0131na ve sonras\u0131nda Bodrum Belediyesi Park ve Bah\u00e7eler M\u00fcd\u00fcrl\u00fc\u011f\u00fc ekipleri, 176 lokasyonda toplam 320 a\u011fa\u00e7 devrilmesi, dal k\u0131r\u0131lma ve kopma olay\u0131na m\u00fcdahale etti.<\/p>\n<p>Belediye ekipleri, kent genelinde ger\u00e7ekle\u015ftirdi\u011fi \u00e7al\u0131\u015fmalar\u0131n\u0131 aral\u0131ks\u0131z s\u00fcrd\u00fcrecek.<br \/><\/p>\n","protected":false},"excerpt":{"rendered":"<p>Belediye ekipleri, Bodrum\u2019da f\u0131rt\u0131nada devrilen \u0131lg\u0131n a\u011fa\u00e7lar\u0131n\u0131 tekni\u011fine uygun \u015fekilde budayarak bulunduklar\u0131 alana yeniden dikiyor. Kent genelinde 13-17 \u015eubat tarihleri aras\u0131nda etkili olan olumsuz hava \u015fartlar\u0131 nedeniyle M\u00fcskebi Mahallesi Kabakum Plaj\u0131\u2019nda 4, Yal\u0131kavak Mahallesi K\u00fcd\u00fcr mevkiinde 25 Ilg\u0131n a\u011fac\u0131 ile 2 Akasya a\u011fac\u0131 devrildi. F\u0131rt\u0131nan\u0131n ard\u0131ndan Bodrum Belediyesi Park ve Bah\u00e7eler M\u00fcd\u00fcrl\u00fc\u011f\u00fc ekipleri, M\u00fcskebi Mahallesi&#8230;<\/p>\n","protected":false},"author":1,"featured_media":89995,"comment_status":"open","ping_status":"open","sticky":false,"template":"","format":"standard","meta":{"_crdt_document":"","footnotes":""},"categories":[1],"tags":[],"class_list":["post-89994","post","type-post","status-publish","format-standard","has-post-thumbnail","hentry","category-guncel"],"_links":{"self":[{"href":"https:\/\/www.egemtv.com\/index.php?rest_route=\/wp\/v2\/posts\/89994","targetHints":{"allow":["GET"]}}],"collection":[{"href":"https:\/\/www.egemtv.com\/index.php?rest_route=\/wp\/v2\/posts"}],"about":[{"href":"https:\/\/www.egemtv.com\/index.php?rest_route=\/wp\/v2\/types\/post"}],"author":[{"embeddable":true,"href":"https:\/\/www.egemtv.com\/index.php?rest_route=\/wp\/v2\/users\/1"}],"replies":[{"embeddable":true,"href":"https:\/\/www.egemtv.com\/index.php?rest_route=%2Fwp%2Fv2%2Fcomments&post=89994"}],"version-history":[{"count":1,"href":"https:\/\/www.egemtv.com\/index.php?rest_route=\/wp\/v2\/posts\/89994\/revisions"}],"predecessor-version":[{"id":89996,"href":"https:\/\/www.egemtv.com\/index.php?rest_route=\/wp\/v2\/posts\/89994\/revisions\/89996"}],"wp:featuredmedia":[{"embeddable":true,"href":"https:\/\/www.egemtv.com\/index.php?rest_route=\/wp\/v2\/media\/89995"}],"wp:attachment":[{"href":"https:\/\/www.egemtv.com\/index.php?rest_route=%2Fwp%2Fv2%2Fmedia&parent=89994"}],"wp:term":[{"taxonomy":"category","embeddable":true,"href":"https:\/\/www.egemtv.com\/index.php?rest_route=%2Fwp%2Fv2%2Fcategories&post=89994"},{"taxonomy":"post_tag","embeddable":true,"href":"https:\/\/www.egemtv.com\/index.php?rest_route=%2Fwp%2Fv2%2Ftags&post=89994"}],"curies":[{"name":"wp","href":"https:\/\/api.w.org\/{rel}","templated":true}]}}