{"id":89991,"date":"2026-02-24T10:34:53","date_gmt":"2026-02-24T07:34:53","guid":{"rendered":"https:\/\/www.egemtv.com\/?p=89991"},"modified":"2026-02-24T10:34:54","modified_gmt":"2026-02-24T07:34:54","slug":"kutahya-belediyesinden-ramazan-ayinda-egitim-seferberligi","status":"publish","type":"post","link":"https:\/\/www.egemtv.com\/?p=89991","title":{"rendered":"K\u00fctahya Belediyesi\u2019nden Ramazan ay\u0131nda e\u011fitim seferberli\u011fi"},"content":{"rendered":"<p>K\u00fctahya Belediyesi taraf\u0131ndan d\u00fczenlenen Ramazan E\u011fitim Program\u0131, vatanda\u015flar\u0131n yo\u011fun ilgi ve kat\u0131l\u0131m\u0131yla Mehmet Akif Ersoy Sosyo-K\u00fclt\u00fcr Merkezi\u2019nde ger\u00e7ekle\u015ftirildi.<br \/>\n<br \/>Belediyenin farkl\u0131 m\u00fcd\u00fcrl\u00fcklerinin katk\u0131lar\u0131yla d\u00fczenlenen programda, ailelere y\u00f6nelik fark\u0131ndal\u0131k olu\u015fturan e\u011fitimler verildi. Program kapsam\u0131nda vatanda\u015flara; aile b\u00fct\u00e7esi, iklim de\u011fi\u015fikli\u011fi ve s\u0131f\u0131r at\u0131k, afet fark\u0131ndal\u0131\u011f\u0131, aile i\u00e7i ileti\u015fim konular\u0131nda bilgilendirme e\u011fitimleri sunuldu. K\u00fctahya Belediyesi yetkilileri, her ya\u015ftan vatanda\u015f\u0131 bilin\u00e7lendirmek, aile yap\u0131s\u0131n\u0131 g\u00fc\u00e7lendirmek ve afetlere kar\u015f\u0131 haz\u0131rl\u0131kl\u0131 bir \u015fehir olu\u015fturmak amac\u0131yla ba\u015flat\u0131lan Ramazan E\u011fitim Program\u0131\u2019n\u0131n, Ramazan ay\u0131 boyunca K\u00fctahya genelinde farkl\u0131 mahallelerde devam edece\u011fini bildirdi.<br \/><\/p>\n","protected":false},"excerpt":{"rendered":"<p>K\u00fctahya Belediyesi taraf\u0131ndan d\u00fczenlenen Ramazan E\u011fitim Program\u0131, vatanda\u015flar\u0131n yo\u011fun ilgi ve kat\u0131l\u0131m\u0131yla Mehmet Akif Ersoy Sosyo-K\u00fclt\u00fcr Merkezi\u2019nde ger\u00e7ekle\u015ftirildi. Belediyenin farkl\u0131 m\u00fcd\u00fcrl\u00fcklerinin katk\u0131lar\u0131yla d\u00fczenlenen programda, ailelere y\u00f6nelik fark\u0131ndal\u0131k olu\u015fturan e\u011fitimler verildi. Program kapsam\u0131nda vatanda\u015flara; aile b\u00fct\u00e7esi, iklim de\u011fi\u015fikli\u011fi ve s\u0131f\u0131r at\u0131k, afet fark\u0131ndal\u0131\u011f\u0131, aile i\u00e7i ileti\u015fim konular\u0131nda bilgilendirme e\u011fitimleri sunuldu. K\u00fctahya Belediyesi yetkilileri, her ya\u015ftan vatanda\u015f\u0131&#8230;<\/p>\n","protected":false},"author":1,"featured_media":89992,"comment_status":"open","ping_status":"open","sticky":false,"template":"","format":"standard","meta":{"_crdt_document":"","footnotes":""},"categories":[1],"tags":[],"class_list":["post-89991","post","type-post","status-publish","format-standard","has-post-thumbnail","hentry","category-guncel"],"_links":{"self":[{"href":"https:\/\/www.egemtv.com\/index.php?rest_route=\/wp\/v2\/posts\/89991","targetHints":{"allow":["GET"]}}],"collection":[{"href":"https:\/\/www.egemtv.com\/index.php?rest_route=\/wp\/v2\/posts"}],"about":[{"href":"https:\/\/www.egemtv.com\/index.php?rest_route=\/wp\/v2\/types\/post"}],"author":[{"embeddable":true,"href":"https:\/\/www.egemtv.com\/index.php?rest_route=\/wp\/v2\/users\/1"}],"replies":[{"embeddable":true,"href":"https:\/\/www.egemtv.com\/index.php?rest_route=%2Fwp%2Fv2%2Fcomments&post=89991"}],"version-history":[{"count":1,"href":"https:\/\/www.egemtv.com\/index.php?rest_route=\/wp\/v2\/posts\/89991\/revisions"}],"predecessor-version":[{"id":89993,"href":"https:\/\/www.egemtv.com\/index.php?rest_route=\/wp\/v2\/posts\/89991\/revisions\/89993"}],"wp:featuredmedia":[{"embeddable":true,"href":"https:\/\/www.egemtv.com\/index.php?rest_route=\/wp\/v2\/media\/89992"}],"wp:attachment":[{"href":"https:\/\/www.egemtv.com\/index.php?rest_route=%2Fwp%2Fv2%2Fmedia&parent=89991"}],"wp:term":[{"taxonomy":"category","embeddable":true,"href":"https:\/\/www.egemtv.com\/index.php?rest_route=%2Fwp%2Fv2%2Fcategories&post=89991"},{"taxonomy":"post_tag","embeddable":true,"href":"https:\/\/www.egemtv.com\/index.php?rest_route=%2Fwp%2Fv2%2Ftags&post=89991"}],"curies":[{"name":"wp","href":"https:\/\/api.w.org\/{rel}","templated":true}]}}