{"id":89988,"date":"2026-02-24T10:15:00","date_gmt":"2026-02-24T07:15:00","guid":{"rendered":"https:\/\/www.egemtv.com\/?p=89988"},"modified":"2026-02-24T10:15:02","modified_gmt":"2026-02-24T07:15:02","slug":"ortaklar-fen-lisesinde-maarifin-kalbinde-ramazan-iftari","status":"publish","type":"post","link":"https:\/\/www.egemtv.com\/?p=89988","title":{"rendered":"Ortaklar Fen Lisesi\u2019nde &#8220;Maarifin Kalbinde Ramazan&#8221; iftar\u0131"},"content":{"rendered":"<p>Ayd\u0131n\u2019\u0131n Germencik il\u00e7esinde bulunan Ortaklar Fen Lisesi\u2019nde &#8220;Maarifin Kalbinde Ramazan&#8221; program\u0131 kapsam\u0131nda d\u00fczenlenen iftarda, protokol \u00fcyeleri \u00f6\u011frencilerle ayn\u0131 sofrada bulu\u015ftu.<\/p>\n<p>Ortaklar Fen Lisesi ev sahipli\u011finde, Milli E\u011fitim Bakanl\u0131\u011f\u0131 taraf\u0131ndan hayata ge\u00e7irilen &#8220;Maarifin Kalbinde Ramazan&#8221; program\u0131 kapsam\u0131nda iftar program\u0131 d\u00fczenlendi. Programa Germencik Kaymakam\u0131 Sultan Do\u011fru, \u0130l Milli E\u011fitim M\u00fcd\u00fcr\u00fc Mehmet Yi\u011fit, \u0130l\u00e7e Milli E\u011fitim M\u00fcd\u00fcr\u00fc Kemal \u00c7ift\u00e7i, \u0130l\u00e7e M\u00fcft\u00fcs\u00fc Selman Co\u015fkun, okul y\u00f6neticileri, \u00f6\u011fretmenler ve Okul Aile Birli\u011fi \u00fcyeleri kat\u0131ld\u0131. Protokol \u00fcyeleri \u00f6\u011frencilerle ayn\u0131 sofrada iftar yaparken, program\u0131n ard\u0131ndan okulda y\u00fcr\u00fct\u00fclen e\u011fitim-\u00f6\u011fretim faaliyetlerine ili\u015fkin Okul M\u00fcd\u00fcr\u00fc Hasan Borta\u015f ve \u00f6\u011fretmenlerden bilgi ald\u0131. \u00d6\u011frencilerle bir s\u00fcre sohbet eden Kaymakam Do\u011fru, gen\u00e7lere e\u011fitim hayatlar\u0131nda ba\u015far\u0131 dileklerini iletti. Ramazan ay\u0131n\u0131n manevi atmosferinde ger\u00e7ekle\u015fen program\u0131n, birlik ve beraberlik duygular\u0131n\u0131 peki\u015ftirdi\u011fini belirten Ortak Fen Lisesi\u2019nden yap\u0131lan a\u00e7\u0131klamada &#8220;\u00d6\u011frencilerle ayn\u0131 sofray\u0131 payla\u015farak iftar\u0131n\u0131 a\u00e7an Kaymakam\u0131m\u0131z ve \u0130l Milli E\u011fitim M\u00fcd\u00fcr\u00fcm\u00fcz, program\u0131n ard\u0131ndan okulda y\u00fcr\u00fct\u00fclen e\u011fitim-\u00f6\u011fretim faaliyetleri hakk\u0131nda bilgi ald\u0131. \u00d6\u011frencilerle bir s\u00fcre sohbet eden Kaymakam\u0131m\u0131z, gen\u00e7lere e\u011fitim hayatlar\u0131nda ba\u015far\u0131lar diledi&#8221; ifadeleri yer ald\u0131.<br \/><\/p>\n","protected":false},"excerpt":{"rendered":"<p>Ayd\u0131n\u2019\u0131n Germencik il\u00e7esinde bulunan Ortaklar Fen Lisesi\u2019nde &#8220;Maarifin Kalbinde Ramazan&#8221; program\u0131 kapsam\u0131nda d\u00fczenlenen iftarda, protokol \u00fcyeleri \u00f6\u011frencilerle ayn\u0131 sofrada bulu\u015ftu. Ortaklar Fen Lisesi ev sahipli\u011finde, Milli E\u011fitim Bakanl\u0131\u011f\u0131 taraf\u0131ndan hayata ge\u00e7irilen &#8220;Maarifin Kalbinde Ramazan&#8221; program\u0131 kapsam\u0131nda iftar program\u0131 d\u00fczenlendi. Programa Germencik Kaymakam\u0131 Sultan Do\u011fru, \u0130l Milli E\u011fitim M\u00fcd\u00fcr\u00fc Mehmet Yi\u011fit, \u0130l\u00e7e Milli E\u011fitim M\u00fcd\u00fcr\u00fc Kemal&#8230;<\/p>\n","protected":false},"author":1,"featured_media":89989,"comment_status":"open","ping_status":"open","sticky":false,"template":"","format":"standard","meta":{"_crdt_document":"","footnotes":""},"categories":[1],"tags":[],"class_list":["post-89988","post","type-post","status-publish","format-standard","has-post-thumbnail","hentry","category-guncel"],"_links":{"self":[{"href":"https:\/\/www.egemtv.com\/index.php?rest_route=\/wp\/v2\/posts\/89988","targetHints":{"allow":["GET"]}}],"collection":[{"href":"https:\/\/www.egemtv.com\/index.php?rest_route=\/wp\/v2\/posts"}],"about":[{"href":"https:\/\/www.egemtv.com\/index.php?rest_route=\/wp\/v2\/types\/post"}],"author":[{"embeddable":true,"href":"https:\/\/www.egemtv.com\/index.php?rest_route=\/wp\/v2\/users\/1"}],"replies":[{"embeddable":true,"href":"https:\/\/www.egemtv.com\/index.php?rest_route=%2Fwp%2Fv2%2Fcomments&post=89988"}],"version-history":[{"count":1,"href":"https:\/\/www.egemtv.com\/index.php?rest_route=\/wp\/v2\/posts\/89988\/revisions"}],"predecessor-version":[{"id":89990,"href":"https:\/\/www.egemtv.com\/index.php?rest_route=\/wp\/v2\/posts\/89988\/revisions\/89990"}],"wp:featuredmedia":[{"embeddable":true,"href":"https:\/\/www.egemtv.com\/index.php?rest_route=\/wp\/v2\/media\/89989"}],"wp:attachment":[{"href":"https:\/\/www.egemtv.com\/index.php?rest_route=%2Fwp%2Fv2%2Fmedia&parent=89988"}],"wp:term":[{"taxonomy":"category","embeddable":true,"href":"https:\/\/www.egemtv.com\/index.php?rest_route=%2Fwp%2Fv2%2Fcategories&post=89988"},{"taxonomy":"post_tag","embeddable":true,"href":"https:\/\/www.egemtv.com\/index.php?rest_route=%2Fwp%2Fv2%2Ftags&post=89988"}],"curies":[{"name":"wp","href":"https:\/\/api.w.org\/{rel}","templated":true}]}}