{"id":89985,"date":"2026-02-24T09:54:54","date_gmt":"2026-02-24T06:54:54","guid":{"rendered":"https:\/\/www.egemtv.com\/?p=89985"},"modified":"2026-02-24T09:54:55","modified_gmt":"2026-02-24T06:54:55","slug":"alsancakta-dev-altyapi-calismasi","status":"publish","type":"post","link":"https:\/\/www.egemtv.com\/?p=89985","title":{"rendered":"Alsancak\u2019ta dev altyap\u0131 \u00e7al\u0131\u015fmas\u0131"},"content":{"rendered":"<p>\u0130zmir B\u00fcy\u00fck\u015fehir Belediyesi \u0130ZSU Genel M\u00fcd\u00fcrl\u00fc\u011f\u00fc, D\u00fcnya Bankas\u0131 finansman\u0131yla y\u00fcr\u00fct\u00fclen T\u00fcrkiye Deprem, Sel ve Yang\u0131n Acil \u0130mar Projesi (TEFWER) kapsam\u0131nda Alsancak Liman b\u00f6lgesinde ba\u015flatt\u0131\u011f\u0131 altyap\u0131 \u00e7al\u0131\u015fmalar\u0131n\u0131 \u015eehitler Caddesi\u2019nde s\u00fcrd\u00fcr\u00fcyor. Ya\u011fmur suyu ve at\u0131k su hatlar\u0131n\u0131n ayr\u0131\u015ft\u0131r\u0131lmas\u0131yla ta\u015fk\u0131n ve koku sorunlar\u0131na kal\u0131c\u0131 \u00e7\u00f6z\u00fcm hedefleniyor.<br \/>\n<br \/>\u0130zmir B\u00fcy\u00fck\u015fehir Belediyesi \u0130ZSU Genel M\u00fcd\u00fcrl\u00fc\u011f\u00fc\u2019n\u00fcn, kentin altyap\u0131s\u0131n\u0131 uzun y\u0131llar boyunca g\u00fcvenli ve s\u00fcrd\u00fcr\u00fclebilir bir \u015fekilde yenilemeyi hedefleyen b\u00fcy\u00fck \u00f6l\u00e7ekli yat\u0131r\u0131mlar\u0131 devam ediyor. Konak, Bayrakl\u0131 ve Karaba\u011flar il\u00e7elerinde toplam 3 milyar liral\u0131k altyap\u0131 yat\u0131r\u0131m\u0131 ile \u0130zmir\u2019in altyap\u0131s\u0131nda tarihi bir d\u00f6n\u00fc\u015f\u00fcm ba\u015flat\u0131ld\u0131. D\u00fcnya Bankas\u0131 finansman\u0131 ile y\u00fcr\u00fct\u00fclen T\u00fcrkiye Deprem, Sel ve Yang\u0131n Acil \u0130mar Projesi (TEFWER) kapsam\u0131nda hayata ge\u00e7irilen yat\u0131r\u0131mlar ile kent merkezinde birle\u015fik sistem kademeli olarak ayr\u0131\u015ft\u0131r\u0131l\u0131yor. Dev projelerin Alsancak-Konak etab\u0131 kapsam\u0131nda Alsancak Liman b\u00f6lgesinde \u00e7al\u0131\u015fmalar \u015eehitler Caddesi\u2019nde devam ediyor.<\/p>\n<p>Alsancak Liman b\u00f6lgesine 8,4 kilometre ya\u011fmur suyu hatt\u0131<br \/>\n<br \/>Proje kapsam\u0131nda, Alsancak Liman b\u00f6lgesinde 8,4 kilometre ya\u011fmur suyu hatt\u0131, 8 kilometre at\u0131k su hatt\u0131 ve 3 ya\u011fmur suyu terfi merkezi in\u015fa ediliyor. \u00c7al\u0131\u015fmalar Liman b\u00f6lgesinde etap etap ilerleyecek. \u0130malatlar\u0131n 2027 y\u0131l\u0131nda tamamlanmas\u0131 hedefleniyor. Bu yat\u0131r\u0131mla birlikte kent merkezinde ekonomik \u00f6mr\u00fcn\u00fc tamamlam\u0131\u015f altyap\u0131 hatlar\u0131 yenileniyor, ya\u011fmur suyu ve kanalizasyon sistemleri ayr\u0131\u015ft\u0131r\u0131larak \u00f6zellikle yo\u011fun ya\u011f\u0131\u015flarda ya\u015fanan su bask\u0131nlar\u0131n\u0131n ve \u00e7evresel risklerin \u00f6n\u00fcne ge\u00e7ilmesi ama\u00e7lan\u0131yor.<br \/><\/p>\n","protected":false},"excerpt":{"rendered":"<p>\u0130zmir B\u00fcy\u00fck\u015fehir Belediyesi \u0130ZSU Genel M\u00fcd\u00fcrl\u00fc\u011f\u00fc, D\u00fcnya Bankas\u0131 finansman\u0131yla y\u00fcr\u00fct\u00fclen T\u00fcrkiye Deprem, Sel ve Yang\u0131n Acil \u0130mar Projesi (TEFWER) kapsam\u0131nda Alsancak Liman b\u00f6lgesinde ba\u015flatt\u0131\u011f\u0131 altyap\u0131 \u00e7al\u0131\u015fmalar\u0131n\u0131 \u015eehitler Caddesi\u2019nde s\u00fcrd\u00fcr\u00fcyor. Ya\u011fmur suyu ve at\u0131k su hatlar\u0131n\u0131n ayr\u0131\u015ft\u0131r\u0131lmas\u0131yla ta\u015fk\u0131n ve koku sorunlar\u0131na kal\u0131c\u0131 \u00e7\u00f6z\u00fcm hedefleniyor. \u0130zmir B\u00fcy\u00fck\u015fehir Belediyesi \u0130ZSU Genel M\u00fcd\u00fcrl\u00fc\u011f\u00fc\u2019n\u00fcn, kentin altyap\u0131s\u0131n\u0131 uzun y\u0131llar boyunca g\u00fcvenli&#8230;<\/p>\n","protected":false},"author":1,"featured_media":89986,"comment_status":"open","ping_status":"open","sticky":false,"template":"","format":"standard","meta":{"_crdt_document":"","footnotes":""},"categories":[1],"tags":[],"class_list":["post-89985","post","type-post","status-publish","format-standard","has-post-thumbnail","hentry","category-guncel"],"_links":{"self":[{"href":"https:\/\/www.egemtv.com\/index.php?rest_route=\/wp\/v2\/posts\/89985","targetHints":{"allow":["GET"]}}],"collection":[{"href":"https:\/\/www.egemtv.com\/index.php?rest_route=\/wp\/v2\/posts"}],"about":[{"href":"https:\/\/www.egemtv.com\/index.php?rest_route=\/wp\/v2\/types\/post"}],"author":[{"embeddable":true,"href":"https:\/\/www.egemtv.com\/index.php?rest_route=\/wp\/v2\/users\/1"}],"replies":[{"embeddable":true,"href":"https:\/\/www.egemtv.com\/index.php?rest_route=%2Fwp%2Fv2%2Fcomments&post=89985"}],"version-history":[{"count":1,"href":"https:\/\/www.egemtv.com\/index.php?rest_route=\/wp\/v2\/posts\/89985\/revisions"}],"predecessor-version":[{"id":89987,"href":"https:\/\/www.egemtv.com\/index.php?rest_route=\/wp\/v2\/posts\/89985\/revisions\/89987"}],"wp:featuredmedia":[{"embeddable":true,"href":"https:\/\/www.egemtv.com\/index.php?rest_route=\/wp\/v2\/media\/89986"}],"wp:attachment":[{"href":"https:\/\/www.egemtv.com\/index.php?rest_route=%2Fwp%2Fv2%2Fmedia&parent=89985"}],"wp:term":[{"taxonomy":"category","embeddable":true,"href":"https:\/\/www.egemtv.com\/index.php?rest_route=%2Fwp%2Fv2%2Fcategories&post=89985"},{"taxonomy":"post_tag","embeddable":true,"href":"https:\/\/www.egemtv.com\/index.php?rest_route=%2Fwp%2Fv2%2Ftags&post=89985"}],"curies":[{"name":"wp","href":"https:\/\/api.w.org\/{rel}","templated":true}]}}