{"id":89979,"date":"2026-02-24T09:54:52","date_gmt":"2026-02-24T06:54:52","guid":{"rendered":"https:\/\/www.egemtv.com\/?p=89979"},"modified":"2026-02-24T09:54:53","modified_gmt":"2026-02-24T06:54:53","slug":"sultanhisarda-mantar-yetistiriciligi-kursu-aciliyor","status":"publish","type":"post","link":"https:\/\/www.egemtv.com\/?p=89979","title":{"rendered":"Sultanhisar\u2019da mantar yeti\u015ftiricili\u011fi kursu a\u00e7\u0131l\u0131yor"},"content":{"rendered":"<p>Ayd\u0131n\u2019\u0131n Sultanhisar il\u00e7esinde Sultanhisar Halk E\u011fitimi Merkezi taraf\u0131ndan a\u00e7\u0131lacak Mantar Yeti\u015ftiricili\u011fi Kursu i\u00e7in ba\u015fvurular ba\u015flad\u0131.<br \/>\n<br \/>Ayd\u0131n\u2019\u0131n Sultanhisar il\u00e7esinde faaliyet g\u00f6steren Sultanhisar Halk E\u011fitimi Merkezi taraf\u0131ndan mantar yeti\u015ftiricili\u011fi kursu a\u00e7\u0131laca\u011f\u0131 duyuruldu. Do\u011fadan sofraya uzanan \u00fcretim s\u00fcrecine katk\u0131 sunmay\u0131 ama\u00e7layan kurs kapsam\u0131nda, kat\u0131l\u0131mc\u0131lara mantar yeti\u015ftiricili\u011fine ili\u015fkin temel bilgi ve uygulamal\u0131 e\u011fitimler verilecek. Kursa kat\u0131lmak isteyen vatanda\u015flar\u0131n kurumdan detayl\u0131 bilgi alabilece\u011fi, ba\u015fvurular\u0131n ise e-Yayg\u0131n sistemi \u00fczerinden e-Devlet \u015fifresi ile yap\u0131labilece\u011fi bildirildi. Sultanhisar Halk E\u011fitimi Merkezi\u2019nden yap\u0131lan a\u00e7\u0131klamada &#8220;Kurumumuzda Mantar Yeti\u015ftiricili\u011fi Kursu a\u00e7\u0131lacakt\u0131r  kat\u0131lmak isteyenler kurumumuzdan bilgi alabilir. E-yayg\u0131n sistemi \u00fczerinden e -devlet \u015fifresi ile giri\u015f yaparak ba\u015fvuru yap\u0131labilir&#8221; ifadeleri yer ald\u0131.<br \/><\/p>\n","protected":false},"excerpt":{"rendered":"<p>Ayd\u0131n\u2019\u0131n Sultanhisar il\u00e7esinde Sultanhisar Halk E\u011fitimi Merkezi taraf\u0131ndan a\u00e7\u0131lacak Mantar Yeti\u015ftiricili\u011fi Kursu i\u00e7in ba\u015fvurular ba\u015flad\u0131. Ayd\u0131n\u2019\u0131n Sultanhisar il\u00e7esinde faaliyet g\u00f6steren Sultanhisar Halk E\u011fitimi Merkezi taraf\u0131ndan mantar yeti\u015ftiricili\u011fi kursu a\u00e7\u0131laca\u011f\u0131 duyuruldu. Do\u011fadan sofraya uzanan \u00fcretim s\u00fcrecine katk\u0131 sunmay\u0131 ama\u00e7layan kurs kapsam\u0131nda, kat\u0131l\u0131mc\u0131lara mantar yeti\u015ftiricili\u011fine ili\u015fkin temel bilgi ve uygulamal\u0131 e\u011fitimler verilecek. Kursa kat\u0131lmak isteyen vatanda\u015flar\u0131n kurumdan&#8230;<\/p>\n","protected":false},"author":1,"featured_media":89980,"comment_status":"open","ping_status":"open","sticky":false,"template":"","format":"standard","meta":{"_crdt_document":"","footnotes":""},"categories":[1],"tags":[],"class_list":["post-89979","post","type-post","status-publish","format-standard","has-post-thumbnail","hentry","category-guncel"],"_links":{"self":[{"href":"https:\/\/www.egemtv.com\/index.php?rest_route=\/wp\/v2\/posts\/89979","targetHints":{"allow":["GET"]}}],"collection":[{"href":"https:\/\/www.egemtv.com\/index.php?rest_route=\/wp\/v2\/posts"}],"about":[{"href":"https:\/\/www.egemtv.com\/index.php?rest_route=\/wp\/v2\/types\/post"}],"author":[{"embeddable":true,"href":"https:\/\/www.egemtv.com\/index.php?rest_route=\/wp\/v2\/users\/1"}],"replies":[{"embeddable":true,"href":"https:\/\/www.egemtv.com\/index.php?rest_route=%2Fwp%2Fv2%2Fcomments&post=89979"}],"version-history":[{"count":1,"href":"https:\/\/www.egemtv.com\/index.php?rest_route=\/wp\/v2\/posts\/89979\/revisions"}],"predecessor-version":[{"id":89981,"href":"https:\/\/www.egemtv.com\/index.php?rest_route=\/wp\/v2\/posts\/89979\/revisions\/89981"}],"wp:featuredmedia":[{"embeddable":true,"href":"https:\/\/www.egemtv.com\/index.php?rest_route=\/wp\/v2\/media\/89980"}],"wp:attachment":[{"href":"https:\/\/www.egemtv.com\/index.php?rest_route=%2Fwp%2Fv2%2Fmedia&parent=89979"}],"wp:term":[{"taxonomy":"category","embeddable":true,"href":"https:\/\/www.egemtv.com\/index.php?rest_route=%2Fwp%2Fv2%2Fcategories&post=89979"},{"taxonomy":"post_tag","embeddable":true,"href":"https:\/\/www.egemtv.com\/index.php?rest_route=%2Fwp%2Fv2%2Ftags&post=89979"}],"curies":[{"name":"wp","href":"https:\/\/api.w.org\/{rel}","templated":true}]}}