{"id":89976,"date":"2026-02-24T09:54:51","date_gmt":"2026-02-24T06:54:51","guid":{"rendered":"https:\/\/www.egemtv.com\/?p=89976"},"modified":"2026-02-24T09:54:52","modified_gmt":"2026-02-24T06:54:52","slug":"adude-cevreci-ve-pratik-ulasim-donemi-basladi","status":"publish","type":"post","link":"https:\/\/www.egemtv.com\/?p=89976","title":{"rendered":"AD\u00dc\u2019de \u00e7evreci ve pratik ula\u015f\u0131m d\u00f6nemi ba\u015flad\u0131"},"content":{"rendered":"<p>Ayd\u0131n Adnan Menderes \u00dcniversitesi (AD\u00dc) Merkez Kamp\u00fcs\u00fc\u2019nde \u00f6\u011frencilerin kamp\u00fcs i\u00e7i ula\u015f\u0131m\u0131n\u0131 kolayla\u015ft\u0131rmak amac\u0131yla 100 elektrikli scooter hizmete sunuldu.<br \/>\n<br \/>Ayd\u0131n Adnan Menderes \u00dcniversitesi (AD\u00dc) Merkez Kamp\u00fcs\u00fc\u2019nde \u00f6\u011frencilerin kamp\u00fcs i\u00e7i ula\u015f\u0131m\u0131n\u0131 daha h\u0131zl\u0131, pratik ve \u00e7evreci hale getirmek amac\u0131yla elektrikli scooter uygulamas\u0131 ba\u015flat\u0131ld\u0131. Hayata ge\u00e7irilen proje kapsam\u0131nda kamp\u00fcs genelinde 100 scooter \u00f6\u011frencilerin kullan\u0131m\u0131na sunuldu. Dakika ba\u015f\u0131na 5,99 TL \u00fccretlendirilen hizmetten yararlanabilmek i\u00e7in ilgili mobil uygulaman\u0131n indirilmesi ve kredi kart\u0131 tan\u0131mlanmas\u0131 gerekiyor. G\u00fcvenlik \u00e7er\u00e7evesinde 16 ya\u015f\u0131ndan k\u00fc\u00e7\u00fcklerin hizmetten faydalanamayaca\u011f\u0131 belirtildi. Uygulama \u00fczerinden harita, s\u00fcr\u00fc\u015f ge\u00e7mi\u015fi, c\u00fczdan ve kampanya b\u00f6l\u00fcmlerine eri\u015fim sa\u011flan\u0131rken, s\u00fcr\u00fc\u015fe kapal\u0131 alanlar, park yasa\u011f\u0131 bulunan b\u00f6lgeler ve h\u0131z s\u0131n\u0131r\u0131 d\u00fc\u015f\u00fcr\u00fclen noktalar renkli alanlarla g\u00f6steriliyor. Yetkililer, s\u00fcr\u00fc\u015flerin m\u00fcmk\u00fcn oldu\u011funca bisiklet yollar\u0131nda yap\u0131lmas\u0131 ve trafik kurallar\u0131na uyulmas\u0131 gerekti\u011fini hat\u0131rlatt\u0131.<br \/>\n<br \/>AD\u00dc Rekt\u00f6r\u00fc Prof. Dr. B\u00fclent Kent, kamp\u00fcs ya\u015fam kalitesini art\u0131rmaya y\u00f6nelik \u00e7al\u0131\u015fmalar\u0131n s\u00fcrece\u011fini belirterek, uygulaman\u0131n s\u00fcrd\u00fcr\u00fclebilir kamp\u00fcs hedeflerine katk\u0131 sa\u011flayaca\u011f\u0131n\u0131 ifade etti. \u00d6\u011frenci odakl\u0131 projelere \u00f6ncelik verdiklerini belirten Rekt\u00f6r Kent, kamp\u00fcste ya\u015fam kalitesini art\u0131rmaya y\u00f6nelik \u00e7al\u0131\u015fmalar\u0131n s\u00fcrece\u011fini ifade ederek, &#8220;\u00d6\u011frencilerimizin kamp\u00fcs i\u00e7indeki ula\u015f\u0131m\u0131n\u0131 daha konforlu, h\u0131zl\u0131 ve \u00e7evre dostu hale getirmeyi \u00f6nemsiyoruz. Ba\u015flatt\u0131\u011f\u0131m\u0131z scooter hizmetinin hem zaman tasarrufu sa\u011flayaca\u011f\u0131na hem de s\u00fcrd\u00fcr\u00fclebilir kamp\u00fcs hedefimize \u00f6nemli katk\u0131lar sunaca\u011f\u0131na inan\u0131yorum. \u00dcniversitemizin geli\u015fen ve yenilenen yap\u0131s\u0131na uygun olarak \u00f6\u011frenci memnuniyetini art\u0131racak projeleri hayata ge\u00e7irmeye devam edece\u011fiz. \u00dcniversitemize hay\u0131rl\u0131 olmas\u0131n\u0131 diliyorum&#8221; dedi.<br \/><\/p>\n","protected":false},"excerpt":{"rendered":"<p>Ayd\u0131n Adnan Menderes \u00dcniversitesi (AD\u00dc) Merkez Kamp\u00fcs\u00fc\u2019nde \u00f6\u011frencilerin kamp\u00fcs i\u00e7i ula\u015f\u0131m\u0131n\u0131 kolayla\u015ft\u0131rmak amac\u0131yla 100 elektrikli scooter hizmete sunuldu. Ayd\u0131n Adnan Menderes \u00dcniversitesi (AD\u00dc) Merkez Kamp\u00fcs\u00fc\u2019nde \u00f6\u011frencilerin kamp\u00fcs i\u00e7i ula\u015f\u0131m\u0131n\u0131 daha h\u0131zl\u0131, pratik ve \u00e7evreci hale getirmek amac\u0131yla elektrikli scooter uygulamas\u0131 ba\u015flat\u0131ld\u0131. Hayata ge\u00e7irilen proje kapsam\u0131nda kamp\u00fcs genelinde 100 scooter \u00f6\u011frencilerin kullan\u0131m\u0131na sunuldu. Dakika ba\u015f\u0131na 5,99&#8230;<\/p>\n","protected":false},"author":1,"featured_media":89977,"comment_status":"open","ping_status":"open","sticky":false,"template":"","format":"standard","meta":{"_crdt_document":"","footnotes":""},"categories":[1],"tags":[],"class_list":["post-89976","post","type-post","status-publish","format-standard","has-post-thumbnail","hentry","category-guncel"],"_links":{"self":[{"href":"https:\/\/www.egemtv.com\/index.php?rest_route=\/wp\/v2\/posts\/89976","targetHints":{"allow":["GET"]}}],"collection":[{"href":"https:\/\/www.egemtv.com\/index.php?rest_route=\/wp\/v2\/posts"}],"about":[{"href":"https:\/\/www.egemtv.com\/index.php?rest_route=\/wp\/v2\/types\/post"}],"author":[{"embeddable":true,"href":"https:\/\/www.egemtv.com\/index.php?rest_route=\/wp\/v2\/users\/1"}],"replies":[{"embeddable":true,"href":"https:\/\/www.egemtv.com\/index.php?rest_route=%2Fwp%2Fv2%2Fcomments&post=89976"}],"version-history":[{"count":1,"href":"https:\/\/www.egemtv.com\/index.php?rest_route=\/wp\/v2\/posts\/89976\/revisions"}],"predecessor-version":[{"id":89978,"href":"https:\/\/www.egemtv.com\/index.php?rest_route=\/wp\/v2\/posts\/89976\/revisions\/89978"}],"wp:featuredmedia":[{"embeddable":true,"href":"https:\/\/www.egemtv.com\/index.php?rest_route=\/wp\/v2\/media\/89977"}],"wp:attachment":[{"href":"https:\/\/www.egemtv.com\/index.php?rest_route=%2Fwp%2Fv2%2Fmedia&parent=89976"}],"wp:term":[{"taxonomy":"category","embeddable":true,"href":"https:\/\/www.egemtv.com\/index.php?rest_route=%2Fwp%2Fv2%2Fcategories&post=89976"},{"taxonomy":"post_tag","embeddable":true,"href":"https:\/\/www.egemtv.com\/index.php?rest_route=%2Fwp%2Fv2%2Ftags&post=89976"}],"curies":[{"name":"wp","href":"https:\/\/api.w.org\/{rel}","templated":true}]}}