{"id":89970,"date":"2026-02-24T09:34:43","date_gmt":"2026-02-24T06:34:43","guid":{"rendered":"https:\/\/www.egemtv.com\/?p=89970"},"modified":"2026-02-24T09:34:44","modified_gmt":"2026-02-24T06:34:44","slug":"aydinda-ogrencilere-afet-egitimi","status":"publish","type":"post","link":"https:\/\/www.egemtv.com\/?p=89970","title":{"rendered":"Ayd\u0131n\u2019da \u00f6\u011frencilere afet e\u011fitimi"},"content":{"rendered":"<p>Ayd\u0131n\u2019\u0131n Efeler il\u00e7esinde afet e\u011fitimi alan \u00f6\u011frenciler, tahliye tatbikat\u0131n\u0131 ba\u015far\u0131yla tamamlad\u0131.<br \/>\n<br \/>Afet ve Acil Durum Y\u00f6netimi Ba\u015fkanl\u0131\u011f\u0131 (AFAD) Ayd\u0131n \u0130l Ba\u015fkanl\u0131\u011f\u0131, \u00f6\u011frencilere y\u00f6nelik verdi\u011fi afet e\u011fitimlerine aral\u0131ks\u0131z devam ediyor. Bu kapsamda Mehmet Akif Ersoy Ortaokulu ve Mehmet Akif Ersoy \u0130lkokulu\u2019ndaki \u00f6\u011frencilerle bir araya gelen AFAD ekipleri, afet fark\u0131ndal\u0131k e\u011fitimi ger\u00e7ekle\u015ftirdi. \u00d6\u011frencilere afet \u00f6ncesinde, an\u0131nda ve sonras\u0131nda yap\u0131lmas\u0131 gerekenleri anlatan uzmanlar, al\u0131nacak tedbirleri de anlatarak fark\u0131ndal\u0131k olu\u015fturdu. Teorik e\u011fitimlerin ard\u0131ndan \u00f6\u011frenciler ger\u00e7ekle\u015ftirilen tahliye tatbikat\u0131n\u0131 da ba\u015far\u0131yla tamamlad\u0131. \u00d6\u011frencilerin bilgilendirilmesi ve afetlere kar\u015f\u0131 duyarl\u0131 olmalar\u0131 amac\u0131yla e\u011fitimlerin aral\u0131ks\u0131z s\u00fcrece\u011fi \u00f6\u011frenildi.<br \/><\/p>\n","protected":false},"excerpt":{"rendered":"<p>Ayd\u0131n\u2019\u0131n Efeler il\u00e7esinde afet e\u011fitimi alan \u00f6\u011frenciler, tahliye tatbikat\u0131n\u0131 ba\u015far\u0131yla tamamlad\u0131. Afet ve Acil Durum Y\u00f6netimi Ba\u015fkanl\u0131\u011f\u0131 (AFAD) Ayd\u0131n \u0130l Ba\u015fkanl\u0131\u011f\u0131, \u00f6\u011frencilere y\u00f6nelik verdi\u011fi afet e\u011fitimlerine aral\u0131ks\u0131z devam ediyor. Bu kapsamda Mehmet Akif Ersoy Ortaokulu ve Mehmet Akif Ersoy \u0130lkokulu\u2019ndaki \u00f6\u011frencilerle bir araya gelen AFAD ekipleri, afet fark\u0131ndal\u0131k e\u011fitimi ger\u00e7ekle\u015ftirdi. \u00d6\u011frencilere afet \u00f6ncesinde, an\u0131nda ve&#8230;<\/p>\n","protected":false},"author":1,"featured_media":89971,"comment_status":"open","ping_status":"open","sticky":false,"template":"","format":"standard","meta":{"_crdt_document":"","footnotes":""},"categories":[1],"tags":[],"class_list":["post-89970","post","type-post","status-publish","format-standard","has-post-thumbnail","hentry","category-guncel"],"_links":{"self":[{"href":"https:\/\/www.egemtv.com\/index.php?rest_route=\/wp\/v2\/posts\/89970","targetHints":{"allow":["GET"]}}],"collection":[{"href":"https:\/\/www.egemtv.com\/index.php?rest_route=\/wp\/v2\/posts"}],"about":[{"href":"https:\/\/www.egemtv.com\/index.php?rest_route=\/wp\/v2\/types\/post"}],"author":[{"embeddable":true,"href":"https:\/\/www.egemtv.com\/index.php?rest_route=\/wp\/v2\/users\/1"}],"replies":[{"embeddable":true,"href":"https:\/\/www.egemtv.com\/index.php?rest_route=%2Fwp%2Fv2%2Fcomments&post=89970"}],"version-history":[{"count":1,"href":"https:\/\/www.egemtv.com\/index.php?rest_route=\/wp\/v2\/posts\/89970\/revisions"}],"predecessor-version":[{"id":89972,"href":"https:\/\/www.egemtv.com\/index.php?rest_route=\/wp\/v2\/posts\/89970\/revisions\/89972"}],"wp:featuredmedia":[{"embeddable":true,"href":"https:\/\/www.egemtv.com\/index.php?rest_route=\/wp\/v2\/media\/89971"}],"wp:attachment":[{"href":"https:\/\/www.egemtv.com\/index.php?rest_route=%2Fwp%2Fv2%2Fmedia&parent=89970"}],"wp:term":[{"taxonomy":"category","embeddable":true,"href":"https:\/\/www.egemtv.com\/index.php?rest_route=%2Fwp%2Fv2%2Fcategories&post=89970"},{"taxonomy":"post_tag","embeddable":true,"href":"https:\/\/www.egemtv.com\/index.php?rest_route=%2Fwp%2Fv2%2Ftags&post=89970"}],"curies":[{"name":"wp","href":"https:\/\/api.w.org\/{rel}","templated":true}]}}