{"id":89964,"date":"2026-02-24T09:34:41","date_gmt":"2026-02-24T06:34:41","guid":{"rendered":"https:\/\/www.egemtv.com\/?p=89964"},"modified":"2026-02-24T09:34:42","modified_gmt":"2026-02-24T06:34:42","slug":"jandarmadan-cocuklara-emniyet-kemeri-egitimi","status":"publish","type":"post","link":"https:\/\/www.egemtv.com\/?p=89964","title":{"rendered":"Jandarmadan \u00e7ocuklara emniyet kemeri e\u011fitimi"},"content":{"rendered":"<p>Denizli \u0130l Jandarma Komutanl\u0131\u011f\u0131 Trafik \u015eube M\u00fcd\u00fcrl\u00fc\u011f\u00fc ekipleri taraf\u0131ndan Buldan il\u00e7esine ba\u011fl\u0131 T\u00fcrl\u00fcbey Mahallesi\u2019nde d\u00fczenlenen e\u011fitimde, sim\u00fclasyon arac\u0131yla emniyet kemerinin hayati \u00f6nemi uygulamal\u0131 olarak anlat\u0131ld\u0131.<\/p>\n<p>Denizli \u0130l Jandarma Komutanl\u0131\u011f\u0131 Trafik \u015eube M\u00fcd\u00fcrl\u00fc\u011f\u00fc ekipleri taraf\u0131ndan \u00e7ocuklara y\u00f6nelik trafik g\u00fcvenli\u011fi e\u011fitimi ger\u00e7ekle\u015ftirildi. Buldan il\u00e7esine ba\u011fl\u0131 T\u00fcrl\u00fcbey Mahallesi\u2019nde d\u00fczenlenen e\u011fitim program\u0131nda, trafik kazalar\u0131nda emniyet kemerinin hayatta kalma \u00fczerindeki etkisi sim\u00fclasyon arac\u0131yla g\u00f6rsel olarak g\u00f6sterildi. E\u011fitimde \u00e7ocuklara emniyet kemeri kullan\u0131m\u0131n\u0131n zorunlu ve hayati bir \u00f6nlem oldu\u011fu anlat\u0131l\u0131rken, verilen bilgilerin ailelerine de aktar\u0131lmas\u0131 istendi. Jandarma ekipleri, &#8220;B\u00fcy\u00fcklerinizi ara\u00e7lara bindi\u011fi andan itibaren emniyet kemeri takmalar\u0131 konusunda uyar\u0131n. Bu hem sizin hem de b\u00fcy\u00fcklerinizin can g\u00fcvenli\u011fi a\u00e7\u0131s\u0131ndan \u00e7ok \u00f6nemlidir. Emniyet kemeri ile hayata ba\u011flan\u0131n&#8221; ifadelerini kulland\u0131.<br \/><\/p>\n","protected":false},"excerpt":{"rendered":"<p>Denizli \u0130l Jandarma Komutanl\u0131\u011f\u0131 Trafik \u015eube M\u00fcd\u00fcrl\u00fc\u011f\u00fc ekipleri taraf\u0131ndan Buldan il\u00e7esine ba\u011fl\u0131 T\u00fcrl\u00fcbey Mahallesi\u2019nde d\u00fczenlenen e\u011fitimde, sim\u00fclasyon arac\u0131yla emniyet kemerinin hayati \u00f6nemi uygulamal\u0131 olarak anlat\u0131ld\u0131. Denizli \u0130l Jandarma Komutanl\u0131\u011f\u0131 Trafik \u015eube M\u00fcd\u00fcrl\u00fc\u011f\u00fc ekipleri taraf\u0131ndan \u00e7ocuklara y\u00f6nelik trafik g\u00fcvenli\u011fi e\u011fitimi ger\u00e7ekle\u015ftirildi. Buldan il\u00e7esine ba\u011fl\u0131 T\u00fcrl\u00fcbey Mahallesi\u2019nde d\u00fczenlenen e\u011fitim program\u0131nda, trafik kazalar\u0131nda emniyet kemerinin hayatta kalma \u00fczerindeki&#8230;<\/p>\n","protected":false},"author":1,"featured_media":89965,"comment_status":"open","ping_status":"open","sticky":false,"template":"","format":"standard","meta":{"_crdt_document":"","footnotes":""},"categories":[1],"tags":[],"class_list":["post-89964","post","type-post","status-publish","format-standard","has-post-thumbnail","hentry","category-guncel"],"_links":{"self":[{"href":"https:\/\/www.egemtv.com\/index.php?rest_route=\/wp\/v2\/posts\/89964","targetHints":{"allow":["GET"]}}],"collection":[{"href":"https:\/\/www.egemtv.com\/index.php?rest_route=\/wp\/v2\/posts"}],"about":[{"href":"https:\/\/www.egemtv.com\/index.php?rest_route=\/wp\/v2\/types\/post"}],"author":[{"embeddable":true,"href":"https:\/\/www.egemtv.com\/index.php?rest_route=\/wp\/v2\/users\/1"}],"replies":[{"embeddable":true,"href":"https:\/\/www.egemtv.com\/index.php?rest_route=%2Fwp%2Fv2%2Fcomments&post=89964"}],"version-history":[{"count":1,"href":"https:\/\/www.egemtv.com\/index.php?rest_route=\/wp\/v2\/posts\/89964\/revisions"}],"predecessor-version":[{"id":89966,"href":"https:\/\/www.egemtv.com\/index.php?rest_route=\/wp\/v2\/posts\/89964\/revisions\/89966"}],"wp:featuredmedia":[{"embeddable":true,"href":"https:\/\/www.egemtv.com\/index.php?rest_route=\/wp\/v2\/media\/89965"}],"wp:attachment":[{"href":"https:\/\/www.egemtv.com\/index.php?rest_route=%2Fwp%2Fv2%2Fmedia&parent=89964"}],"wp:term":[{"taxonomy":"category","embeddable":true,"href":"https:\/\/www.egemtv.com\/index.php?rest_route=%2Fwp%2Fv2%2Fcategories&post=89964"},{"taxonomy":"post_tag","embeddable":true,"href":"https:\/\/www.egemtv.com\/index.php?rest_route=%2Fwp%2Fv2%2Ftags&post=89964"}],"curies":[{"name":"wp","href":"https:\/\/api.w.org\/{rel}","templated":true}]}}