{"id":89666,"date":"2026-02-22T14:14:59","date_gmt":"2026-02-22T11:14:59","guid":{"rendered":"https:\/\/www.egemtv.com\/?p=89666"},"modified":"2026-02-22T14:15:00","modified_gmt":"2026-02-22T11:15:00","slug":"kurtulus-semt-pazari-yeni-yerinde-hizmete-basladi","status":"publish","type":"post","link":"https:\/\/www.egemtv.com\/?p=89666","title":{"rendered":"Kurtulu\u015f Semt Pazar\u0131 yeni yerinde hizmete ba\u015flad\u0131"},"content":{"rendered":"<p>Ayd\u0131n\u2019\u0131n Efeler il\u00e7esinde hem vatanda\u015f\u0131n g\u00fcvenli\u011fi hem de kent ya\u015fam\u0131n\u0131n d\u00fczeni i\u00e7in \u00f6nemli bir ad\u0131m at\u0131ld\u0131. Kurtulu\u015f Mahallesi\u2019nde uzun zamand\u0131r mahalle i\u00e7inde kurulan semt pazar\u0131, art\u0131k Pazar g\u00fcnleri; daha geni\u015f, daha g\u00fcvenli ve daha ula\u015f\u0131labilir bir alanda hizmet verecek. Pazar, bug\u00fcnden itibaren \u0130zmir Bulvar\u0131 S\u00fcleyman Seba Caddesi \u00fczerindeki eski otogar alan\u0131nda faaliyetine ba\u015flad\u0131.<\/p>\n<p>Efeler Belediyesi\u2019nin planl\u0131 kentle\u015fme ve halk sa\u011fl\u0131\u011f\u0131n\u0131 \u00f6nceleyen \u00e7al\u0131\u015fmalar\u0131 kapsam\u0131nda hayata ge\u00e7irilen bu d\u00fczenleme, hem pazar esnaf\u0131n\u0131n hem de vatanda\u015flar\u0131n talepleri dikkate al\u0131narak ger\u00e7ekle\u015ftirildi. Yeni alan\u0131yla birlikte semt pazar\u0131, trafik yo\u011funlu\u011funu azaltan, acil durum ara\u00e7lar\u0131n\u0131n ge\u00e7i\u015fine imkan tan\u0131yan ve al\u0131\u015fveri\u015fi daha konforlu hale getiren bir yap\u0131ya kavu\u015ftu. Konuyla ilgili a\u00e7\u0131klama yapan Efeler Belediye Ba\u015fkan\u0131 An\u0131l Yeti\u015fkin, mahalle i\u00e7inde kurulan pazarlar\u0131n ciddi riskler bar\u0131nd\u0131rd\u0131\u011f\u0131na dikkat \u00e7ekerek, &#8220;Mahalle i\u00e7inde pazar kurulmas\u0131 bir\u00e7ok riski beraberinde getiriyor. Hi\u00e7 ya\u015famak istemeyiz ama itfaiye ya da ambulans ihtiyac\u0131 oldu\u011funda bu sokaklara girmesi m\u00fcmk\u00fcn olmuyor. Vatanda\u015flar\u0131m\u0131z\u0131n can g\u00fcvenli\u011fi her \u015feyden \u00f6nce gelir. Ayd\u0131n\u2019daki pazar esnaf\u0131m\u0131z\u0131n da g\u00f6r\u00fc\u015flerini alarak Kurtulu\u015f Mahallesi semt pazar\u0131m\u0131z\u0131n yerini art\u0131k eski otogar alan\u0131na ta\u015f\u0131d\u0131k. Burada hem esnaf\u0131m\u0131z daha rahat \u00e7al\u0131\u015f\u0131yor hem de hem\u015fehrilerimiz g\u00fcvenli ve d\u00fczenli bir ortamda al\u0131\u015fveri\u015f yapabiliyor&#8221; dedi.<br \/><\/p>\n","protected":false},"excerpt":{"rendered":"<p>Ayd\u0131n\u2019\u0131n Efeler il\u00e7esinde hem vatanda\u015f\u0131n g\u00fcvenli\u011fi hem de kent ya\u015fam\u0131n\u0131n d\u00fczeni i\u00e7in \u00f6nemli bir ad\u0131m at\u0131ld\u0131. Kurtulu\u015f Mahallesi\u2019nde uzun zamand\u0131r mahalle i\u00e7inde kurulan semt pazar\u0131, art\u0131k Pazar g\u00fcnleri; daha geni\u015f, daha g\u00fcvenli ve daha ula\u015f\u0131labilir bir alanda hizmet verecek. Pazar, bug\u00fcnden itibaren \u0130zmir Bulvar\u0131 S\u00fcleyman Seba Caddesi \u00fczerindeki eski otogar alan\u0131nda faaliyetine ba\u015flad\u0131. Efeler Belediyesi\u2019nin&#8230;<\/p>\n","protected":false},"author":1,"featured_media":89667,"comment_status":"open","ping_status":"open","sticky":false,"template":"","format":"standard","meta":{"_crdt_document":"","footnotes":""},"categories":[1],"tags":[],"class_list":["post-89666","post","type-post","status-publish","format-standard","has-post-thumbnail","hentry","category-guncel"],"_links":{"self":[{"href":"https:\/\/www.egemtv.com\/index.php?rest_route=\/wp\/v2\/posts\/89666","targetHints":{"allow":["GET"]}}],"collection":[{"href":"https:\/\/www.egemtv.com\/index.php?rest_route=\/wp\/v2\/posts"}],"about":[{"href":"https:\/\/www.egemtv.com\/index.php?rest_route=\/wp\/v2\/types\/post"}],"author":[{"embeddable":true,"href":"https:\/\/www.egemtv.com\/index.php?rest_route=\/wp\/v2\/users\/1"}],"replies":[{"embeddable":true,"href":"https:\/\/www.egemtv.com\/index.php?rest_route=%2Fwp%2Fv2%2Fcomments&post=89666"}],"version-history":[{"count":1,"href":"https:\/\/www.egemtv.com\/index.php?rest_route=\/wp\/v2\/posts\/89666\/revisions"}],"predecessor-version":[{"id":89668,"href":"https:\/\/www.egemtv.com\/index.php?rest_route=\/wp\/v2\/posts\/89666\/revisions\/89668"}],"wp:featuredmedia":[{"embeddable":true,"href":"https:\/\/www.egemtv.com\/index.php?rest_route=\/wp\/v2\/media\/89667"}],"wp:attachment":[{"href":"https:\/\/www.egemtv.com\/index.php?rest_route=%2Fwp%2Fv2%2Fmedia&parent=89666"}],"wp:term":[{"taxonomy":"category","embeddable":true,"href":"https:\/\/www.egemtv.com\/index.php?rest_route=%2Fwp%2Fv2%2Fcategories&post=89666"},{"taxonomy":"post_tag","embeddable":true,"href":"https:\/\/www.egemtv.com\/index.php?rest_route=%2Fwp%2Fv2%2Ftags&post=89666"}],"curies":[{"name":"wp","href":"https:\/\/api.w.org\/{rel}","templated":true}]}}