{"id":89663,"date":"2026-02-22T14:14:58","date_gmt":"2026-02-22T11:14:58","guid":{"rendered":"https:\/\/www.egemtv.com\/?p=89663"},"modified":"2026-02-22T14:14:59","modified_gmt":"2026-02-22T11:14:59","slug":"baskan-simsek-esnafin-sorunlarini-dinledi","status":"publish","type":"post","link":"https:\/\/www.egemtv.com\/?p=89663","title":{"rendered":"Ba\u015fkan \u015eim\u015fek esnaf\u0131n sorunlar\u0131n\u0131 dinledi"},"content":{"rendered":"<p>Kumludere ve Avni Gemicio\u011flu Caddeleri\u2019nde i\u015f yerlerini tek tek ziyaret eden \u015eehzadeler Belediye Ba\u015fkan\u0131 Hakan \u015eim\u015fek, esnafa hay\u0131rl\u0131 kazan\u00e7lar dileyip Ramazan tebri\u011finde bulundu ve esnaf\u0131n sorunlar\u0131n\u0131 dinledi.<br \/>\n<br \/>\u015eehzadeler Belediye Ba\u015fkan\u0131 Hakan \u015eim\u015fek, il\u00e7e genelindeki saha \u00e7al\u0131\u015fmalar\u0131n\u0131 s\u00fcrd\u00fcr\u00fcyor. Ba\u015fkan \u015eim\u015fek, Kumludere Caddesi, Avni Gemicio\u011flu Caddesi ve Yeni Cami \u00e7evresindeki esnaflar\u0131 ziyaret ederek hem hay\u0131rl\u0131 i\u015fler temennisinde bulundu hem de Ramazan ay\u0131 dolay\u0131s\u0131yla tebriklerini iletti.<br \/>\n<br \/>Ziyaret program\u0131na CHP \u015eehzadeler \u0130l\u00e7e Ba\u015fkan\u0131 Mert \u00d6zk\u00f6semen de e\u015flik etti. Cadde \u00fczerindeki i\u015f yerlerini tek tek gezen Ba\u015fkan \u015eim\u015fek, esnafla sohbet ederek talep ve \u00f6nerileri dinledi. \u0130\u015f yerlerinde vatanda\u015flarla da bir araya gelen \u015eim\u015fek, belediyenin y\u00fcr\u00fctt\u00fc\u011f\u00fc \u00e7al\u0131\u015fmalar hakk\u0131nda bilgi verdi.<br \/>\n<br \/>Esnaf\u0131n ekonomik hayat\u0131n bel kemi\u011fi oldu\u011funu vurgulayan Ba\u015fkan \u015eim\u015fek, yerel y\u00f6netim olarak her zaman esnaf\u0131n yan\u0131nda olduklar\u0131n\u0131 ifade etti. Ramazan ay\u0131n\u0131n birlik, beraberlik ve dayan\u0131\u015fma iklimini g\u00fc\u00e7lendirdi\u011fine dikkat \u00e7eken \u015eim\u015fek, bu m\u00fcbarek ay\u0131n t\u00fcm il\u00e7e halk\u0131na sa\u011fl\u0131k, huzur ve bereket getirmesi temennisinde bulundu.<br \/><\/p>\n","protected":false},"excerpt":{"rendered":"<p>Kumludere ve Avni Gemicio\u011flu Caddeleri\u2019nde i\u015f yerlerini tek tek ziyaret eden \u015eehzadeler Belediye Ba\u015fkan\u0131 Hakan \u015eim\u015fek, esnafa hay\u0131rl\u0131 kazan\u00e7lar dileyip Ramazan tebri\u011finde bulundu ve esnaf\u0131n sorunlar\u0131n\u0131 dinledi. \u015eehzadeler Belediye Ba\u015fkan\u0131 Hakan \u015eim\u015fek, il\u00e7e genelindeki saha \u00e7al\u0131\u015fmalar\u0131n\u0131 s\u00fcrd\u00fcr\u00fcyor. Ba\u015fkan \u015eim\u015fek, Kumludere Caddesi, Avni Gemicio\u011flu Caddesi ve Yeni Cami \u00e7evresindeki esnaflar\u0131 ziyaret ederek hem hay\u0131rl\u0131 i\u015fler temennisinde&#8230;<\/p>\n","protected":false},"author":1,"featured_media":89664,"comment_status":"open","ping_status":"open","sticky":false,"template":"","format":"standard","meta":{"_crdt_document":"","footnotes":""},"categories":[125],"tags":[],"class_list":["post-89663","post","type-post","status-publish","format-standard","has-post-thumbnail","hentry","category-ekonomi"],"_links":{"self":[{"href":"https:\/\/www.egemtv.com\/index.php?rest_route=\/wp\/v2\/posts\/89663","targetHints":{"allow":["GET"]}}],"collection":[{"href":"https:\/\/www.egemtv.com\/index.php?rest_route=\/wp\/v2\/posts"}],"about":[{"href":"https:\/\/www.egemtv.com\/index.php?rest_route=\/wp\/v2\/types\/post"}],"author":[{"embeddable":true,"href":"https:\/\/www.egemtv.com\/index.php?rest_route=\/wp\/v2\/users\/1"}],"replies":[{"embeddable":true,"href":"https:\/\/www.egemtv.com\/index.php?rest_route=%2Fwp%2Fv2%2Fcomments&post=89663"}],"version-history":[{"count":1,"href":"https:\/\/www.egemtv.com\/index.php?rest_route=\/wp\/v2\/posts\/89663\/revisions"}],"predecessor-version":[{"id":89665,"href":"https:\/\/www.egemtv.com\/index.php?rest_route=\/wp\/v2\/posts\/89663\/revisions\/89665"}],"wp:featuredmedia":[{"embeddable":true,"href":"https:\/\/www.egemtv.com\/index.php?rest_route=\/wp\/v2\/media\/89664"}],"wp:attachment":[{"href":"https:\/\/www.egemtv.com\/index.php?rest_route=%2Fwp%2Fv2%2Fmedia&parent=89663"}],"wp:term":[{"taxonomy":"category","embeddable":true,"href":"https:\/\/www.egemtv.com\/index.php?rest_route=%2Fwp%2Fv2%2Fcategories&post=89663"},{"taxonomy":"post_tag","embeddable":true,"href":"https:\/\/www.egemtv.com\/index.php?rest_route=%2Fwp%2Fv2%2Ftags&post=89663"}],"curies":[{"name":"wp","href":"https:\/\/api.w.org\/{rel}","templated":true}]}}