{"id":89660,"date":"2026-02-22T13:55:09","date_gmt":"2026-02-22T10:55:09","guid":{"rendered":"https:\/\/www.egemtv.com\/?p=89660"},"modified":"2026-02-22T13:55:11","modified_gmt":"2026-02-22T10:55:11","slug":"selcukta-magarada-9-saatlik-kurtarma-seferberligi","status":"publish","type":"post","link":"https:\/\/www.egemtv.com\/?p=89660","title":{"rendered":"Sel\u00e7uk\u2019ta ma\u011farada 9 saatlik kurtarma seferberli\u011fi"},"content":{"rendered":"<p>\u0130zmir\u2019in Sel\u00e7uk il\u00e7esindeki S\u00fctini Ma\u011faras\u0131\u2019nda d\u00fczenlenen e\u011fitim etkinli\u011fi s\u0131ras\u0131nda yakla\u015f\u0131k 5 metre y\u00fckseklikten d\u00fc\u015ferek yaralanan 26 ya\u015f\u0131ndaki \u00fcniversite \u00f6\u011frencisi, 9 saat s\u00fcren zorlu \u00e7al\u0131\u015fman\u0131n ard\u0131ndan kurtar\u0131ld\u0131. \u0130zmir itfaiyesi, AFAD, jandarma ve Ma\u011farac\u0131l\u0131k Federasyonu\u2019na ba\u011fl\u0131 kurtarma ekiplerinin koordineli m\u00fcdahalesiyle bulundu\u011fu yerden \u00e7\u0131kar\u0131lan \u00f6\u011frenci, hastaneye sevk edildi.<br \/>\n<br \/>\u0130zmir\u2019in Sel\u00e7uk il\u00e7esi \u015eirince yolu \u00fczerindeki S\u00fctini Ma\u011faras\u0131\u2019nda Ege \u00dcniversitesi Ma\u011fara Ara\u015ft\u0131rma Toplulu\u011fu (EMAK) taraf\u0131ndan ma\u011farada e\u011fitim ve ke\u015fif ama\u00e7l\u0131 etkinlik d\u00fczenlendi. Yakla\u015f\u0131k 40 \u00f6\u011frencinin kat\u0131ld\u0131\u011f\u0131 etkinlikte, ma\u011fara i\u00e7erisindeki dikey bir ge\u00e7i\u015fte dengesini kaybeden 26 ya\u015f\u0131ndaki erkek \u00f6\u011frenci yakla\u015f\u0131k 5 metre y\u00fckseklikten d\u00fc\u015ferek yaraland\u0131. Saat 03.30 s\u0131ralar\u0131nda dar ve ula\u015f\u0131m\u0131 g\u00fc\u00e7 bir noktada mahsur kalan gen\u00e7 i\u00e7in ekiplerden yard\u0131m istendi. \u0130hbar \u00fczerine b\u00f6lgeye \u0130zmir B\u00fcy\u00fck\u015fehir Belediyesi \u0130tfaiye Dairesi Ba\u015fkanl\u0131\u011f\u0131 ekipleri, AFAD, jandarma, sa\u011fl\u0131k ekipleri sevk edilirken Ma\u011farac\u0131l\u0131k Federasyonu kurtarma ekipleri de olay yerine geldi. Ma\u011faran\u0131n dar yap\u0131s\u0131 nedeniyle ekipler yaral\u0131ya ula\u015fmakta g\u00fc\u00e7l\u00fck ya\u015fad\u0131. Yap\u0131lan teknik \u00e7al\u0131\u015fma kapsam\u0131nda iple eri\u015filen yaral\u0131, mahsur kald\u0131\u011f\u0131 nokta kontroll\u00fc \u015fekilde geni\u015fletildikten sonra sedyeyle \u00e7\u0131kar\u0131ld\u0131. Yakla\u015f\u0131k 9 saat s\u00fcren operasyonun ard\u0131ndan bilincinin kapal\u0131 oldu\u011fu \u00f6\u011frenilen yaral\u0131, 112 Acil Sa\u011fl\u0131k ekiplerine teslim edilerek hastaneye sevk edildi.<br \/><\/p>\n","protected":false},"excerpt":{"rendered":"<p>\u0130zmir\u2019in Sel\u00e7uk il\u00e7esindeki S\u00fctini Ma\u011faras\u0131\u2019nda d\u00fczenlenen e\u011fitim etkinli\u011fi s\u0131ras\u0131nda yakla\u015f\u0131k 5 metre y\u00fckseklikten d\u00fc\u015ferek yaralanan 26 ya\u015f\u0131ndaki \u00fcniversite \u00f6\u011frencisi, 9 saat s\u00fcren zorlu \u00e7al\u0131\u015fman\u0131n ard\u0131ndan kurtar\u0131ld\u0131. \u0130zmir itfaiyesi, AFAD, jandarma ve Ma\u011farac\u0131l\u0131k Federasyonu\u2019na ba\u011fl\u0131 kurtarma ekiplerinin koordineli m\u00fcdahalesiyle bulundu\u011fu yerden \u00e7\u0131kar\u0131lan \u00f6\u011frenci, hastaneye sevk edildi. \u0130zmir\u2019in Sel\u00e7uk il\u00e7esi \u015eirince yolu \u00fczerindeki S\u00fctini Ma\u011faras\u0131\u2019nda Ege \u00dcniversitesi&#8230;<\/p>\n","protected":false},"author":1,"featured_media":89661,"comment_status":"open","ping_status":"open","sticky":false,"template":"","format":"standard","meta":{"_crdt_document":"","footnotes":""},"categories":[5],"tags":[],"class_list":["post-89660","post","type-post","status-publish","format-standard","has-post-thumbnail","hentry","category-asayis"],"_links":{"self":[{"href":"https:\/\/www.egemtv.com\/index.php?rest_route=\/wp\/v2\/posts\/89660","targetHints":{"allow":["GET"]}}],"collection":[{"href":"https:\/\/www.egemtv.com\/index.php?rest_route=\/wp\/v2\/posts"}],"about":[{"href":"https:\/\/www.egemtv.com\/index.php?rest_route=\/wp\/v2\/types\/post"}],"author":[{"embeddable":true,"href":"https:\/\/www.egemtv.com\/index.php?rest_route=\/wp\/v2\/users\/1"}],"replies":[{"embeddable":true,"href":"https:\/\/www.egemtv.com\/index.php?rest_route=%2Fwp%2Fv2%2Fcomments&post=89660"}],"version-history":[{"count":1,"href":"https:\/\/www.egemtv.com\/index.php?rest_route=\/wp\/v2\/posts\/89660\/revisions"}],"predecessor-version":[{"id":89662,"href":"https:\/\/www.egemtv.com\/index.php?rest_route=\/wp\/v2\/posts\/89660\/revisions\/89662"}],"wp:featuredmedia":[{"embeddable":true,"href":"https:\/\/www.egemtv.com\/index.php?rest_route=\/wp\/v2\/media\/89661"}],"wp:attachment":[{"href":"https:\/\/www.egemtv.com\/index.php?rest_route=%2Fwp%2Fv2%2Fmedia&parent=89660"}],"wp:term":[{"taxonomy":"category","embeddable":true,"href":"https:\/\/www.egemtv.com\/index.php?rest_route=%2Fwp%2Fv2%2Fcategories&post=89660"},{"taxonomy":"post_tag","embeddable":true,"href":"https:\/\/www.egemtv.com\/index.php?rest_route=%2Fwp%2Fv2%2Ftags&post=89660"}],"curies":[{"name":"wp","href":"https:\/\/api.w.org\/{rel}","templated":true}]}}