{"id":89657,"date":"2026-02-22T13:55:08","date_gmt":"2026-02-22T10:55:08","guid":{"rendered":"https:\/\/www.egemtv.com\/?p=89657"},"modified":"2026-02-22T13:55:09","modified_gmt":"2026-02-22T10:55:09","slug":"izmirde-sehitlerin-isimleri-ustgecitlerde-yasayacak","status":"publish","type":"post","link":"https:\/\/www.egemtv.com\/?p=89657","title":{"rendered":"\u0130zmir\u2019de \u015fehitlerin isimleri \u00fcstge\u00e7itlerde ya\u015fayacak"},"content":{"rendered":"<p>\u0130zmir B\u00fcy\u00fck\u015fehir Belediyesi, \u015fehitlerin isimlerini kent haf\u0131zas\u0131nda ya\u015fatma gelene\u011fini s\u00fcrd\u00fcr\u00fcyor. \u015eehit ailelerinin talebi \u00fczerine Karata\u015f \u00dcst Ge\u00e7idi\u2019ne \u015eehit Hava Pilot Te\u011fmen Yal\u00e7\u0131n Aky\u0131ld\u0131z\u2019\u0131n, Nald\u00f6ken\u2019de Anadolu Caddesi \u00fczerindeki \u00fcst ge\u00e7ide ise \u015eehit Piyade Er Eren Ta\u015fk\u0131n\u2019\u0131n ad\u0131 verildi.<br \/>\n<br \/>\u015eehit aileleri ve gazileri hi\u00e7bir zaman yaln\u0131z b\u0131rakmayan ve ihtiya\u00e7 duyduklar\u0131 her an yanlar\u0131nda olan \u0130zmir B\u00fcy\u00fck\u015fehir Belediyesi, \u015fehitlerin isimlerini kentte ya\u015fat\u0131yor. \u015eehit ailelerinden gelen taleplerin \u0130zmir B\u00fcy\u00fck\u015fehir Belediye Meclisi\u2019nde oy birli\u011fiyle kabul edilmesinin ard\u0131ndan Karata\u015f ve Nald\u00f6ken\u2019deki \u00fcst ge\u00e7itler art\u0131k \u015fehitlerin ad\u0131yla an\u0131lacak. Karata\u015f \u00dcst Ge\u00e7idi\u2019ne \u015eehit Hava Pilot Te\u011fmen Yal\u00e7\u0131n Aky\u0131ld\u0131z\u2019\u0131n, Anadolu Caddesi \u00fczerinde Nald\u00f6ken\u2019de bulunan \u00fcst ge\u00e7ide ise \u015eehit Piyade Er Eren Ta\u015fk\u0131n\u2019\u0131n ad\u0131 verildi.<\/p>\n<p>G\u00fczl\u00fck: &#8220;\u015eehidine sahip \u00e7\u0131kan bir millet, gelece\u011fine de sahip \u00e7\u0131kar&#8221;<br \/>\n<br \/>\u0130zmir B\u00fcy\u00fck\u015fehir Belediyesi Destek Hizmetleri Dairesi Ba\u015fkanl\u0131\u011f\u0131 \u015eehit Yak\u0131nlar\u0131 ve Gaziler \u015eube M\u00fcd\u00fcr\u00fc \u0130lker G\u00fczl\u00fck, aziz \u015fehitlerin emanetleri olan \u015fehit yak\u0131nlar\u0131 ve gazilerin milletin onur ni\u015fanesi oldu\u011funu vurgulad\u0131. G\u00fczl\u00fck, &#8220;Onlar\u0131n fedak\u00e2rl\u0131klar\u0131 sayesinde bug\u00fcnlere geldik. T\u00fcm imk\u00e2nlar\u0131m\u0131zla, \u015fehit yak\u0131nlar\u0131m\u0131za ve gazilerimize lay\u0131k olduklar\u0131 de\u011feri ve hizmeti sunmak i\u00e7in gece g\u00fcnd\u00fcz \u00e7al\u0131\u015f\u0131yoruz. Ba\u015fkan\u0131m\u0131z Cemil Tugay, rahmetli babas\u0131n\u0131n da gazi olmas\u0131 nedeniyle bu konuda b\u00fcy\u00fck bir hassasiyet g\u00f6steriyor. Verdi\u011fi talimatlar do\u011frultusunda \u015fehit yak\u0131nlar\u0131 ve gazilerimizin hi\u00e7bir eksik ya\u015famamas\u0131 ve her zaman yanlar\u0131nda olmam\u0131z i\u00e7in canla ba\u015fla \u00e7al\u0131\u015f\u0131yoruz. \u00c7\u00fcnk\u00fc inan\u0131yoruz ki, \u015fehidine sahip \u00e7\u0131kan bir millet, gelece\u011fine de sahip \u00e7\u0131kar&#8221; dedi.<\/p>\n<p>Aky\u0131ld\u0131z: &#8220;Her \u015fehit bir bayrakt\u0131r&#8221;<br \/>\n<br \/>\u015eehit babas\u0131yla ayn\u0131 ad\u0131 ta\u015f\u0131yan Yal\u00e7\u0131n Aky\u0131ld\u0131z, babas\u0131 \u015eehit Hava Te\u011fmen Yal\u00e7\u0131n Aky\u0131ld\u0131z\u2019\u0131n Band\u0131rma 6. Ana Jet \u00dcss\u00fc\u2019nde g\u00f6rev yaparken hava-yer at\u0131\u015f g\u00f6revi s\u0131ras\u0131nda u\u00e7a\u011f\u0131nda meydana gelen ar\u0131za nedeniyle \u015fehit oldu\u011funu s\u00f6yledi. Karata\u015f\u2019ta babas\u0131n\u0131n ad\u0131n\u0131n \u00f6l\u00fcms\u00fczle\u015ftirilmesinden b\u00fcy\u00fck onur ve mutluluk duydu\u011funu ifade eden Aky\u0131ld\u0131z, \u0130zmir B\u00fcy\u00fck\u015fehir Belediye Ba\u015fkan\u0131 Cemil Tugay\u2019a ve meclis \u00fcyelerine te\u015fekk\u00fcr etti. \u015eehitlerin millet i\u00e7in ta\u015f\u0131d\u0131\u011f\u0131 anlam\u0131 vurgulayan Aky\u0131ld\u0131z, &#8220;\u015eehitlerimizin \u00fczerine bayrak \u00f6rteriz. Bayrak, \u00fclkemizin ba\u011f\u0131ms\u0131zl\u0131\u011f\u0131n\u0131 ve \u00f6zg\u00fcrl\u00fc\u011f\u00fcn\u00fc temsil eder. Bizim i\u00e7in \u00e7ok k\u0131ymetlidir. Her \u015fehit bir bayrakt\u0131r. T\u00fcm \u015fehitlerimiz vatan sevgisi ve bayrak a\u015fk\u0131yla \u015fehadete ula\u015fm\u0131\u015ft\u0131r. Ruhlar\u0131 \u015fad olsun&#8221; diye konu\u015ftu.<\/p>\n<p>Ta\u015fk\u0131n: &#8220;\u00c7ok gururluyum&#8221;<br \/>\n<br \/>\u015eehit Piyade Er Eren Ta\u015fk\u0131n\u2019\u0131n annesi Dursune Ta\u015fk\u0131n, duygular\u0131n\u0131 &#8220;\u00c7ok gururluyum. Talebim do\u011frultusunda \u0130zmir B\u00fcy\u00fck\u015fehir Belediye Ba\u015fkan\u0131 Cemil Tugay\u2019\u0131n bu k\u00f6pr\u00fcye o\u011flumun ad\u0131n\u0131 vermesi beni \u00e7ok duyguland\u0131rd\u0131. Ricalar\u0131m\u0131z\u0131 yerine getirdi\u011fi i\u00e7in te\u015fekk\u00fcr ediyorum. Duyguluyum, kelimelerim kifayetsiz kal\u0131yor&#8221; s\u00f6zleriyle dile getirdi.<\/p>\n<p>\u015eehit Hava Pilot Te\u011fmen Yal\u00e7\u0131n Aky\u0131ld\u0131z kimdir<br \/>\n<br \/>1941 y\u0131l\u0131nda \u00c7e\u015fme\u2019de do\u011fdu. \u0130lk\u00f6\u011frenimini 1953 y\u0131l\u0131nda, orta \u00f6\u011frenimini 1956 y\u0131l\u0131nda, lise \u00f6\u011frenimini 1959 y\u0131l\u0131nda Kuleli Askeri Lisesi\u2019nde tamamlad\u0131 ve 1959 y\u0131l\u0131nda girdi\u011fi Hava Harp Okulundan 1961 y\u0131l\u0131nda aste\u011fmen olarak mezun oldu.  Edincik\u2019te 6 May\u0131s 1964 tarihinde 6. Ana Jet \u00dcs Komutanl\u0131\u011f\u0131nda g\u00f6revli iken, hava-yer at\u0131\u015f g\u00f6revinde F-84G u\u00e7a\u011f\u0131nda meydana gelen ar\u0131za sonucunda atlad\u0131, ancak kurtar\u0131lamayarak \u015fehit oldu.<\/p>\n<p>\u015eehit Piyade Er Eren Ta\u015fk\u0131n kimdir?<br \/>\n<br \/>Bayrakl\u0131 il\u00e7esinde ikamet eden 20 ya\u015f\u0131ndaki Eren Ta\u015fk\u0131n, 6 \u015eubat 2023\u2019te Kahramanmara\u015f merkezli 7.7 b\u00fcy\u00fckl\u00fc\u011f\u00fcndeki depremde, Hatay\u2019\u0131n Serinyol il\u00e7esindeki 8\u2019inci Komando Tugay Komutanl\u0131\u011f\u0131\u2019na ba\u011fl\u0131 birlikte vatani g\u00f6revini yerine getirirken enkaz alt\u0131nda kalarak \u015fehit oldu.<br \/><\/p>\n","protected":false},"excerpt":{"rendered":"<p>\u0130zmir B\u00fcy\u00fck\u015fehir Belediyesi, \u015fehitlerin isimlerini kent haf\u0131zas\u0131nda ya\u015fatma gelene\u011fini s\u00fcrd\u00fcr\u00fcyor. \u015eehit ailelerinin talebi \u00fczerine Karata\u015f \u00dcst Ge\u00e7idi\u2019ne \u015eehit Hava Pilot Te\u011fmen Yal\u00e7\u0131n Aky\u0131ld\u0131z\u2019\u0131n, Nald\u00f6ken\u2019de Anadolu Caddesi \u00fczerindeki \u00fcst ge\u00e7ide ise \u015eehit Piyade Er Eren Ta\u015fk\u0131n\u2019\u0131n ad\u0131 verildi. \u015eehit aileleri ve gazileri hi\u00e7bir zaman yaln\u0131z b\u0131rakmayan ve ihtiya\u00e7 duyduklar\u0131 her an yanlar\u0131nda olan \u0130zmir B\u00fcy\u00fck\u015fehir Belediyesi,&#8230;<\/p>\n","protected":false},"author":1,"featured_media":89658,"comment_status":"open","ping_status":"open","sticky":false,"template":"","format":"standard","meta":{"_crdt_document":"","footnotes":""},"categories":[1],"tags":[],"class_list":["post-89657","post","type-post","status-publish","format-standard","has-post-thumbnail","hentry","category-guncel"],"_links":{"self":[{"href":"https:\/\/www.egemtv.com\/index.php?rest_route=\/wp\/v2\/posts\/89657","targetHints":{"allow":["GET"]}}],"collection":[{"href":"https:\/\/www.egemtv.com\/index.php?rest_route=\/wp\/v2\/posts"}],"about":[{"href":"https:\/\/www.egemtv.com\/index.php?rest_route=\/wp\/v2\/types\/post"}],"author":[{"embeddable":true,"href":"https:\/\/www.egemtv.com\/index.php?rest_route=\/wp\/v2\/users\/1"}],"replies":[{"embeddable":true,"href":"https:\/\/www.egemtv.com\/index.php?rest_route=%2Fwp%2Fv2%2Fcomments&post=89657"}],"version-history":[{"count":1,"href":"https:\/\/www.egemtv.com\/index.php?rest_route=\/wp\/v2\/posts\/89657\/revisions"}],"predecessor-version":[{"id":89659,"href":"https:\/\/www.egemtv.com\/index.php?rest_route=\/wp\/v2\/posts\/89657\/revisions\/89659"}],"wp:featuredmedia":[{"embeddable":true,"href":"https:\/\/www.egemtv.com\/index.php?rest_route=\/wp\/v2\/media\/89658"}],"wp:attachment":[{"href":"https:\/\/www.egemtv.com\/index.php?rest_route=%2Fwp%2Fv2%2Fmedia&parent=89657"}],"wp:term":[{"taxonomy":"category","embeddable":true,"href":"https:\/\/www.egemtv.com\/index.php?rest_route=%2Fwp%2Fv2%2Fcategories&post=89657"},{"taxonomy":"post_tag","embeddable":true,"href":"https:\/\/www.egemtv.com\/index.php?rest_route=%2Fwp%2Fv2%2Ftags&post=89657"}],"curies":[{"name":"wp","href":"https:\/\/api.w.org\/{rel}","templated":true}]}}