{"id":89654,"date":"2026-02-22T13:55:07","date_gmt":"2026-02-22T10:55:07","guid":{"rendered":"https:\/\/www.egemtv.com\/?p=89654"},"modified":"2026-02-22T13:55:08","modified_gmt":"2026-02-22T10:55:08","slug":"satkof-ustkon-izmir-ofisinde-istisare-ve-iftar-bulusmasi-duzenlendi","status":"publish","type":"post","link":"https:\/\/www.egemtv.com\/?p=89654","title":{"rendered":"SATKOF &amp; USTKON \u0130zmir Ofisi\u2019nde isti\u015fare ve iftar bulu\u015fmas\u0131 d\u00fczenlendi"},"content":{"rendered":"<p>Genel Ba\u015fkan Prof. Dr. Aysun Bay \u00f6nc\u00fcl\u00fc\u011f\u00fcnde SATKOF &amp; USTKON \u0130zmir Ofisi\u2019nde isti\u015fare ve iftar bulu\u015fmas\u0131 d\u00fczenlendi.<br \/>\n<br \/>Sa\u011fl\u0131k Turizmi Konfederasyonu (SATKOF) ve Uluslararas\u0131 Sanayi ve Ticaret Konfederasyonu (USTKON) \u0130zmir Ofisi\u2019nde ger\u00e7ekle\u015ftirilen isti\u015fare toplant\u0131s\u0131 ve iftar program\u0131, Genel Ba\u015fkan Prof. Dr. Aysun Bay\u2019in liderli\u011finde yo\u011fun kat\u0131l\u0131mla d\u00fczenlendi.<br \/>\n<br \/>Toplant\u0131da \u0130zmir\u2019in sa\u011fl\u0131k turizmi potansiyeli, b\u00f6lgesel yat\u0131r\u0131m ve ticaret a\u011flar\u0131n\u0131n geni\u015fletilmesi, kalite ve akreditasyon temelli s\u00fcrd\u00fcr\u00fclebilir sa\u011fl\u0131k turizmi modeli ile uluslararas\u0131 i\u015f birli\u011fi s\u00fcre\u00e7leri ele al\u0131nd\u0131.<br \/>\n<br \/>Toplant\u0131da, Sa\u011fl\u0131k, Yat\u0131r\u0131m ve K\u00fcresel A\u00e7\u0131l\u0131m, \u0130sti\u015fare toplant\u0131s\u0131nda; \u0130zmir\u2019in termal ve sa\u011fl\u0131k altyap\u0131s\u0131n\u0131n k\u00fcresel \u00f6l\u00e7ekte konumland\u0131r\u0131lmas\u0131, akreditasyon ve kalite g\u00fcvencesinin kurumsalla\u015ft\u0131r\u0131lmas\u0131, SATKOF &amp; USTKON sinerjisiyle yat\u0131r\u0131m ve ticaret entegrasyonu, uluslararas\u0131 diplomasi ve temsil a\u011flar\u0131n\u0131n g\u00fc\u00e7lendirilmesi ba\u015fl\u0131klar\u0131nda de\u011ferlendirmeler yap\u0131ld\u0131.<\/p>\n<p>&#8220;\u0130zmir\u2019den k\u00fcresel vizyona&#8221;<br \/>\n<br \/>Genel Ba\u015fkan Prof. Dr. Aysun Bay, konu\u015fmas\u0131nda birlik ve ortak vizyon vurgusu yaparak, &#8220;\u0130zmir, sa\u011fl\u0131k turizmi ve ticarette stratejik bir merkezdir. SATKOF ve USTKON olarak kalite, g\u00fcven ve s\u00fcrd\u00fcr\u00fclebilirlik temelinde g\u00fc\u00e7l\u00fc bir gelecek in\u015fa ediyoruz. Biz b\u00fcy\u00fck bir aileyiz ve birlikte b\u00fcy\u00fcyoruz&#8221; \u015feklinde konu\u015ftu.<br \/>\n<br \/>Toplant\u0131n\u0131n ard\u0131ndan ger\u00e7ekle\u015ftirilen iftar program\u0131nda Ramazan\u2019\u0131n manevi atmosferi e\u015fli\u011finde dayan\u0131\u015fma ve birlik mesajlar\u0131 verildi.<br \/><\/p>\n","protected":false},"excerpt":{"rendered":"<p>Genel Ba\u015fkan Prof. Dr. Aysun Bay \u00f6nc\u00fcl\u00fc\u011f\u00fcnde SATKOF &amp; USTKON \u0130zmir Ofisi\u2019nde isti\u015fare ve iftar bulu\u015fmas\u0131 d\u00fczenlendi. Sa\u011fl\u0131k Turizmi Konfederasyonu (SATKOF) ve Uluslararas\u0131 Sanayi ve Ticaret Konfederasyonu (USTKON) \u0130zmir Ofisi\u2019nde ger\u00e7ekle\u015ftirilen isti\u015fare toplant\u0131s\u0131 ve iftar program\u0131, Genel Ba\u015fkan Prof. Dr. Aysun Bay\u2019in liderli\u011finde yo\u011fun kat\u0131l\u0131mla d\u00fczenlendi. Toplant\u0131da \u0130zmir\u2019in sa\u011fl\u0131k turizmi potansiyeli, b\u00f6lgesel yat\u0131r\u0131m ve ticaret&#8230;<\/p>\n","protected":false},"author":1,"featured_media":89655,"comment_status":"open","ping_status":"open","sticky":false,"template":"","format":"standard","meta":{"_crdt_document":"","footnotes":""},"categories":[125],"tags":[],"class_list":["post-89654","post","type-post","status-publish","format-standard","has-post-thumbnail","hentry","category-ekonomi"],"_links":{"self":[{"href":"https:\/\/www.egemtv.com\/index.php?rest_route=\/wp\/v2\/posts\/89654","targetHints":{"allow":["GET"]}}],"collection":[{"href":"https:\/\/www.egemtv.com\/index.php?rest_route=\/wp\/v2\/posts"}],"about":[{"href":"https:\/\/www.egemtv.com\/index.php?rest_route=\/wp\/v2\/types\/post"}],"author":[{"embeddable":true,"href":"https:\/\/www.egemtv.com\/index.php?rest_route=\/wp\/v2\/users\/1"}],"replies":[{"embeddable":true,"href":"https:\/\/www.egemtv.com\/index.php?rest_route=%2Fwp%2Fv2%2Fcomments&post=89654"}],"version-history":[{"count":1,"href":"https:\/\/www.egemtv.com\/index.php?rest_route=\/wp\/v2\/posts\/89654\/revisions"}],"predecessor-version":[{"id":89656,"href":"https:\/\/www.egemtv.com\/index.php?rest_route=\/wp\/v2\/posts\/89654\/revisions\/89656"}],"wp:featuredmedia":[{"embeddable":true,"href":"https:\/\/www.egemtv.com\/index.php?rest_route=\/wp\/v2\/media\/89655"}],"wp:attachment":[{"href":"https:\/\/www.egemtv.com\/index.php?rest_route=%2Fwp%2Fv2%2Fmedia&parent=89654"}],"wp:term":[{"taxonomy":"category","embeddable":true,"href":"https:\/\/www.egemtv.com\/index.php?rest_route=%2Fwp%2Fv2%2Fcategories&post=89654"},{"taxonomy":"post_tag","embeddable":true,"href":"https:\/\/www.egemtv.com\/index.php?rest_route=%2Fwp%2Fv2%2Ftags&post=89654"}],"curies":[{"name":"wp","href":"https:\/\/api.w.org\/{rel}","templated":true}]}}