{"id":89651,"date":"2026-02-22T13:35:07","date_gmt":"2026-02-22T10:35:07","guid":{"rendered":"https:\/\/www.egemtv.com\/?p=89651"},"modified":"2026-02-22T13:35:08","modified_gmt":"2026-02-22T10:35:08","slug":"soke-muftulugunden-ogrencilere-gonul-sofrasi","status":"publish","type":"post","link":"https:\/\/www.egemtv.com\/?p=89651","title":{"rendered":"S\u00f6ke M\u00fcft\u00fcl\u00fc\u011f\u00fc\u2019nden \u00f6\u011frencilere g\u00f6n\u00fcl sofras\u0131"},"content":{"rendered":"<p>S\u00f6ke \u0130l\u00e7e M\u00fcft\u00fcl\u00fc\u011f\u00fc, Ramazan ay\u0131 boyunca hay\u0131rseverlerin katk\u0131lar\u0131yla her g\u00fcn 100 \u00fcniversite \u00f6\u011frencisine iftar verecek.<\/p>\n<p>S\u00f6ke \u0130l\u00e7e M\u00fcft\u00fcl\u00fc\u011f\u00fc taraf\u0131ndan organize edilen program\u0131n, \u00fcniversite \u00f6\u011frencilerinin yo\u011fun olarak ya\u015fad\u0131\u011f\u0131 Yenikent mevkiinde bulunan unlu mamuller sat\u0131\u015f\u0131 yapan bir kafede ger\u00e7ekle\u015ftirilece\u011fi bildirildi. \u0130l\u00e7e M\u00fcft\u00fcs\u00fc H\u00fcseyin Taner, Ramazan ay\u0131 boyunca her g\u00fcn d\u00fczenlenecek iftar program\u0131 ile gen\u00e7lerin yaln\u0131z olmad\u0131\u011f\u0131n\u0131 hissettirmeyi ve birlik beraberlik duygular\u0131n\u0131 peki\u015ftirmeyi ama\u00e7lad\u0131klar\u0131n\u0131 ifade etti. Program kapsam\u0131nda \u00fcniversite \u00f6\u011frencilerinin bir araya gelerek iftar a\u00e7aca\u011f\u0131, g\u00f6n\u00fcl sofralar\u0131nda bulu\u015fman\u0131n hedeflendi\u011fi belirtilirken, organizasyona destek veren hay\u0131rseverlere te\u015fekk\u00fcr edildi. S\u00f6ke \u0130l\u00e7e M\u00fcft\u00fcs\u00fc Taner, Ramazan\u2019\u0131n bereketini payla\u015fmak isteyen \u00f6\u011frencileri g\u00f6n\u00fcl sofralar\u0131na davet etti.<br \/><\/p>\n","protected":false},"excerpt":{"rendered":"<p>S\u00f6ke \u0130l\u00e7e M\u00fcft\u00fcl\u00fc\u011f\u00fc, Ramazan ay\u0131 boyunca hay\u0131rseverlerin katk\u0131lar\u0131yla her g\u00fcn 100 \u00fcniversite \u00f6\u011frencisine iftar verecek. S\u00f6ke \u0130l\u00e7e M\u00fcft\u00fcl\u00fc\u011f\u00fc taraf\u0131ndan organize edilen program\u0131n, \u00fcniversite \u00f6\u011frencilerinin yo\u011fun olarak ya\u015fad\u0131\u011f\u0131 Yenikent mevkiinde bulunan unlu mamuller sat\u0131\u015f\u0131 yapan bir kafede ger\u00e7ekle\u015ftirilece\u011fi bildirildi. \u0130l\u00e7e M\u00fcft\u00fcs\u00fc H\u00fcseyin Taner, Ramazan ay\u0131 boyunca her g\u00fcn d\u00fczenlenecek iftar program\u0131 ile gen\u00e7lerin yaln\u0131z olmad\u0131\u011f\u0131n\u0131 hissettirmeyi&#8230;<\/p>\n","protected":false},"author":1,"featured_media":89652,"comment_status":"open","ping_status":"open","sticky":false,"template":"","format":"standard","meta":{"_crdt_document":"","footnotes":""},"categories":[1],"tags":[],"class_list":["post-89651","post","type-post","status-publish","format-standard","has-post-thumbnail","hentry","category-guncel"],"_links":{"self":[{"href":"https:\/\/www.egemtv.com\/index.php?rest_route=\/wp\/v2\/posts\/89651","targetHints":{"allow":["GET"]}}],"collection":[{"href":"https:\/\/www.egemtv.com\/index.php?rest_route=\/wp\/v2\/posts"}],"about":[{"href":"https:\/\/www.egemtv.com\/index.php?rest_route=\/wp\/v2\/types\/post"}],"author":[{"embeddable":true,"href":"https:\/\/www.egemtv.com\/index.php?rest_route=\/wp\/v2\/users\/1"}],"replies":[{"embeddable":true,"href":"https:\/\/www.egemtv.com\/index.php?rest_route=%2Fwp%2Fv2%2Fcomments&post=89651"}],"version-history":[{"count":1,"href":"https:\/\/www.egemtv.com\/index.php?rest_route=\/wp\/v2\/posts\/89651\/revisions"}],"predecessor-version":[{"id":89653,"href":"https:\/\/www.egemtv.com\/index.php?rest_route=\/wp\/v2\/posts\/89651\/revisions\/89653"}],"wp:featuredmedia":[{"embeddable":true,"href":"https:\/\/www.egemtv.com\/index.php?rest_route=\/wp\/v2\/media\/89652"}],"wp:attachment":[{"href":"https:\/\/www.egemtv.com\/index.php?rest_route=%2Fwp%2Fv2%2Fmedia&parent=89651"}],"wp:term":[{"taxonomy":"category","embeddable":true,"href":"https:\/\/www.egemtv.com\/index.php?rest_route=%2Fwp%2Fv2%2Fcategories&post=89651"},{"taxonomy":"post_tag","embeddable":true,"href":"https:\/\/www.egemtv.com\/index.php?rest_route=%2Fwp%2Fv2%2Ftags&post=89651"}],"curies":[{"name":"wp","href":"https:\/\/api.w.org\/{rel}","templated":true}]}}