{"id":89648,"date":"2026-02-22T13:35:06","date_gmt":"2026-02-22T10:35:06","guid":{"rendered":"https:\/\/www.egemtv.com\/?p=89648"},"modified":"2026-02-22T13:35:07","modified_gmt":"2026-02-22T10:35:07","slug":"baskan-cercioglu-vatandaslari-ramazan-etkinlikleri-ile-bulusturuyor","status":"publish","type":"post","link":"https:\/\/www.egemtv.com\/?p=89648","title":{"rendered":"Ba\u015fkan \u00c7er\u00e7io\u011flu vatanda\u015flar\u0131 Ramazan etkinlikleri ile bulu\u015fturuyor"},"content":{"rendered":"<p>Ayd\u0131n B\u00fcy\u00fck\u015fehir Belediyesi taraf\u0131ndan d\u00fczenlenen Ramazan etkinlikleri, Ayd\u0131nl\u0131lar\u0131n yo\u011fun kat\u0131l\u0131m\u0131yla devam ediyor. Fuar Ayd\u0131n\u2019da ger\u00e7ekle\u015ftirilen programlarda etkinlik alan\u0131 dolup ta\u015farken, her ya\u015ftan vatanda\u015f Ramazan co\u015fkusunu birlikte ya\u015f\u0131yor.<\/p>\n<p>Geleneksel Ramazan k\u00fclt\u00fcr\u00fcn\u00fc ya\u015fatan etkinliklerde \u00e7ocuklar sahne g\u00f6sterileri ve oyun alanlar\u0131nda doyas\u0131ya e\u011fleniyor. Hacivat-Karag\u00f6z g\u00f6sterileri, meddah anlat\u0131lar\u0131, A\u015fuk ile Ma\u015fuk g\u00f6sterileri, jongl\u00f6r ve ill\u00fczyonist performanslar\u0131 b\u00fcy\u00fck be\u011feni topluyor. \u00c7ocuk tiyatrolar\u0131 ve \u015fi\u015fme oyun alanlar\u0131 miniklerin ne\u015fesine ne\u015fe kat\u0131yor. Etkinlik alan\u0131nda vatanda\u015flara Ramazan \u015ferbeti ve Osmanl\u0131 macunu ikram edilirken, aileler hem geleneksel g\u00f6sterileri izliyor hem de keyifli vakit ge\u00e7iriyor.<\/p>\n<p>Etkinliklere kat\u0131lan vatanda\u015flar, Ayd\u0131n B\u00fcy\u00fck\u015fehir Belediye Ba\u015fkan\u0131 \u00d6zlem \u00c7er\u00e7io\u011flu\u2019na te\u015fekk\u00fcr etti.<\/p>\n<p>Ramazan etkinlikleri, ay boyunca Ayd\u0131nl\u0131lar\u0131 bir araya getirmeyi s\u00fcrd\u00fcrecek. Etkinlikler 22 \u015eubat Pazar g\u00fcn\u00fcne kadar 14.00 ile 22.00 saatleri aras\u0131nda Fuar Ayd\u0131n\u2019da vatanda\u015flarla bulu\u015fmay\u0131 s\u00fcrd\u00fcrecek. Ard\u0131ndan; Sultanhisar il\u00e7esinde 23 \u015eubat Pazartesi ve 3 Mart Sal\u0131 g\u00fcnleri Belediye Meydan\u0131, S\u00f6ke il\u00e7esinde 24 \u015eubat Sal\u0131 ve 28 \u015eubat Cumartesi g\u00fcnleri Yenicami Mahallesi kapal\u0131 pazar yeri, \u0130ncirliova il\u00e7esinde 25 \u015eubat \u00c7ar\u015famba ve 4 Mart \u00c7ar\u015famba g\u00fcnleri \u0130ncirliova Belediyesi \u00f6n\u00fc, Buharkent il\u00e7esinde 26 \u015eubat Per\u015fembe g\u00fcn\u00fc Kamil Pa\u015fa Mahallesi kapal\u0131 pazar yeri, Yenipazar il\u00e7esinde 27 \u015eubat Cuma g\u00fcn\u00fc Yenipazar Belediyesi meydan\u0131, K\u00f6\u015fk il\u00e7esinde 2 Mart Pazartesi g\u00fcn\u00fc \u00c7ar\u015f\u0131 Mahallesi Eski Nazilli Caddesi etkinliklerin adresi olacak. \u0130l\u00e7elerde etkinlikler 18.00 saatinde ba\u015flayacak, 20.15 saatinde sona erecek. 5-15 Mart tarihleri aras\u0131nda ise e\u011flencenin adresi bir kez daha Fuar Ayd\u0131n olacak.<br \/><\/p>\n","protected":false},"excerpt":{"rendered":"<p>Ayd\u0131n B\u00fcy\u00fck\u015fehir Belediyesi taraf\u0131ndan d\u00fczenlenen Ramazan etkinlikleri, Ayd\u0131nl\u0131lar\u0131n yo\u011fun kat\u0131l\u0131m\u0131yla devam ediyor. Fuar Ayd\u0131n\u2019da ger\u00e7ekle\u015ftirilen programlarda etkinlik alan\u0131 dolup ta\u015farken, her ya\u015ftan vatanda\u015f Ramazan co\u015fkusunu birlikte ya\u015f\u0131yor. Geleneksel Ramazan k\u00fclt\u00fcr\u00fcn\u00fc ya\u015fatan etkinliklerde \u00e7ocuklar sahne g\u00f6sterileri ve oyun alanlar\u0131nda doyas\u0131ya e\u011fleniyor. Hacivat-Karag\u00f6z g\u00f6sterileri, meddah anlat\u0131lar\u0131, A\u015fuk ile Ma\u015fuk g\u00f6sterileri, jongl\u00f6r ve ill\u00fczyonist performanslar\u0131 b\u00fcy\u00fck be\u011feni topluyor&#8230;.<\/p>\n","protected":false},"author":1,"featured_media":89649,"comment_status":"open","ping_status":"open","sticky":false,"template":"","format":"standard","meta":{"_crdt_document":"","footnotes":""},"categories":[1],"tags":[],"class_list":["post-89648","post","type-post","status-publish","format-standard","has-post-thumbnail","hentry","category-guncel"],"_links":{"self":[{"href":"https:\/\/www.egemtv.com\/index.php?rest_route=\/wp\/v2\/posts\/89648","targetHints":{"allow":["GET"]}}],"collection":[{"href":"https:\/\/www.egemtv.com\/index.php?rest_route=\/wp\/v2\/posts"}],"about":[{"href":"https:\/\/www.egemtv.com\/index.php?rest_route=\/wp\/v2\/types\/post"}],"author":[{"embeddable":true,"href":"https:\/\/www.egemtv.com\/index.php?rest_route=\/wp\/v2\/users\/1"}],"replies":[{"embeddable":true,"href":"https:\/\/www.egemtv.com\/index.php?rest_route=%2Fwp%2Fv2%2Fcomments&post=89648"}],"version-history":[{"count":1,"href":"https:\/\/www.egemtv.com\/index.php?rest_route=\/wp\/v2\/posts\/89648\/revisions"}],"predecessor-version":[{"id":89650,"href":"https:\/\/www.egemtv.com\/index.php?rest_route=\/wp\/v2\/posts\/89648\/revisions\/89650"}],"wp:featuredmedia":[{"embeddable":true,"href":"https:\/\/www.egemtv.com\/index.php?rest_route=\/wp\/v2\/media\/89649"}],"wp:attachment":[{"href":"https:\/\/www.egemtv.com\/index.php?rest_route=%2Fwp%2Fv2%2Fmedia&parent=89648"}],"wp:term":[{"taxonomy":"category","embeddable":true,"href":"https:\/\/www.egemtv.com\/index.php?rest_route=%2Fwp%2Fv2%2Fcategories&post=89648"},{"taxonomy":"post_tag","embeddable":true,"href":"https:\/\/www.egemtv.com\/index.php?rest_route=%2Fwp%2Fv2%2Ftags&post=89648"}],"curies":[{"name":"wp","href":"https:\/\/api.w.org\/{rel}","templated":true}]}}