{"id":89645,"date":"2026-02-22T13:35:05","date_gmt":"2026-02-22T10:35:05","guid":{"rendered":"https:\/\/www.egemtv.com\/?p=89645"},"modified":"2026-02-22T13:35:05","modified_gmt":"2026-02-22T10:35:05","slug":"baskan-dutlulu-golmarmaralilarla-iftar-sofrasinda-bulustu","status":"publish","type":"post","link":"https:\/\/www.egemtv.com\/?p=89645","title":{"rendered":"Ba\u015fkan Dutlulu G\u00f6lmarmaral\u0131larla iftar sofras\u0131nda bulu\u015ftu"},"content":{"rendered":"<p>Manisa B\u00fcy\u00fck\u015fehir Belediyesi, Ramazan ay\u0131n\u0131n birlik ve beraberlik ruhunu ya\u015fatmak amac\u0131yla kent merkezinde ve il\u00e7elerdeki iftar programlar\u0131na devam ediyor. G\u00f6lmarmara\u2019da d\u00fczenlenen iftar program\u0131nda 2 bin ki\u015fi B\u00fcy\u00fck\u015fehir\u2019in iftar sofras\u0131nda bulu\u015ftu. Manisa B\u00fcy\u00fck\u015fehir Belediye Ba\u015fkan\u0131 Besim Dutlulu da orucunu G\u00f6lmarmara halk\u0131 ile a\u00e7t\u0131.<br \/>\n<br \/>D\u00fczenlenen iftar program\u0131na, Manisa B\u00fcy\u00fck\u015fehir Belediye Ba\u015fkan\u0131 Besim Dutlulu, G\u00f6lmarmara Belediye Ba\u015fkan\u0131 Cem Aykan, B\u00fcy\u00fck\u015fehir Belediyesi Genel Sekreteri Burak Deste, Genel Sekreter Yard\u0131mc\u0131lar\u0131 Ata Temiz, Ula\u015f Ayd\u0131n, daire ba\u015fkanlar\u0131, CHP G\u00f6lmarmara \u0130l\u00e7e Ba\u015fkan\u0131 Hayati Uyar ve il\u00e7e y\u00f6netimi, sivil toplum kurulu\u015fu temsilcileri, muhtarlar ve vatanda\u015flar kat\u0131ld\u0131.<\/p>\n<p>Payla\u015fman\u0131n ve kalpleri birle\u015ftirmenin zaman\u0131<br \/>\n<br \/>G\u00f6lmarmara\u2019da kurulan iftar sofras\u0131nda masalar\u0131 tek tek dola\u015farak vatanda\u015flarla sohbet eden Ba\u015fkan Besim Dutlulu, Ramazan\u2019\u0131n yaln\u0131zca bir ay de\u011fil; payla\u015fman\u0131n, hat\u0131rlaman\u0131n ve kalpleri birle\u015ftirmenin zaman\u0131 oldu\u011funu vurgulad\u0131. Ayn\u0131 sofrada bulu\u015fman\u0131n, ayn\u0131 duaya &#8220;amin&#8221; demenin Manisa\u2019n\u0131n ortak ruhunu g\u00fc\u00e7lendirdi\u011fini belirten Dutlulu, &#8220;Bereketin, dayan\u0131\u015fman\u0131n ve karde\u015fli\u011fin her mahallede hissedildi\u011fi bir Manisa i\u00e7in \u00e7al\u0131\u015f\u0131yoruz&#8221; dedi.<\/p>\n<p>Geleneksel ramazan e\u011flenceleri renk katt\u0131<br \/>\n<br \/>G\u00f6lmarmara Kapal\u0131 Pazaryerini dolduran vatanda\u015flar, ezan\u0131n okunmas\u0131yla birlikte oru\u00e7lar\u0131n\u0131 hep birlikte a\u00e7t\u0131. A\u00e7\u0131lan oru\u00e7lar sadece sofralar\u0131 de\u011fil, g\u00f6n\u00fclleri de birle\u015ftirdi. \u0130ftar sonras\u0131nda, Hacivat ve Karag\u00f6z, Orta Oyunu, her ya\u015ftan G\u00f6lmarmaral\u0131ya keyifli anlar ya\u015fatt\u0131.<br \/>\n<br \/>Manisa B\u00fcy\u00fck\u015fehir Belediyesi, Ramazan boyunca kent genelinde iftar sofralar\u0131 kurmaya ve \u00e7e\u015fitli etkinlikler d\u00fczenlemeye devam edecek.<br \/><\/p>\n","protected":false},"excerpt":{"rendered":"<p>Manisa B\u00fcy\u00fck\u015fehir Belediyesi, Ramazan ay\u0131n\u0131n birlik ve beraberlik ruhunu ya\u015fatmak amac\u0131yla kent merkezinde ve il\u00e7elerdeki iftar programlar\u0131na devam ediyor. G\u00f6lmarmara\u2019da d\u00fczenlenen iftar program\u0131nda 2 bin ki\u015fi B\u00fcy\u00fck\u015fehir\u2019in iftar sofras\u0131nda bulu\u015ftu. Manisa B\u00fcy\u00fck\u015fehir Belediye Ba\u015fkan\u0131 Besim Dutlulu da orucunu G\u00f6lmarmara halk\u0131 ile a\u00e7t\u0131. D\u00fczenlenen iftar program\u0131na, Manisa B\u00fcy\u00fck\u015fehir Belediye Ba\u015fkan\u0131 Besim Dutlulu, G\u00f6lmarmara Belediye Ba\u015fkan\u0131 Cem&#8230;<\/p>\n","protected":false},"author":1,"featured_media":89646,"comment_status":"open","ping_status":"open","sticky":false,"template":"","format":"standard","meta":{"_crdt_document":"","footnotes":""},"categories":[123],"tags":[],"class_list":["post-89645","post","type-post","status-publish","format-standard","has-post-thumbnail","hentry","category-gundem"],"_links":{"self":[{"href":"https:\/\/www.egemtv.com\/index.php?rest_route=\/wp\/v2\/posts\/89645","targetHints":{"allow":["GET"]}}],"collection":[{"href":"https:\/\/www.egemtv.com\/index.php?rest_route=\/wp\/v2\/posts"}],"about":[{"href":"https:\/\/www.egemtv.com\/index.php?rest_route=\/wp\/v2\/types\/post"}],"author":[{"embeddable":true,"href":"https:\/\/www.egemtv.com\/index.php?rest_route=\/wp\/v2\/users\/1"}],"replies":[{"embeddable":true,"href":"https:\/\/www.egemtv.com\/index.php?rest_route=%2Fwp%2Fv2%2Fcomments&post=89645"}],"version-history":[{"count":1,"href":"https:\/\/www.egemtv.com\/index.php?rest_route=\/wp\/v2\/posts\/89645\/revisions"}],"predecessor-version":[{"id":89647,"href":"https:\/\/www.egemtv.com\/index.php?rest_route=\/wp\/v2\/posts\/89645\/revisions\/89647"}],"wp:featuredmedia":[{"embeddable":true,"href":"https:\/\/www.egemtv.com\/index.php?rest_route=\/wp\/v2\/media\/89646"}],"wp:attachment":[{"href":"https:\/\/www.egemtv.com\/index.php?rest_route=%2Fwp%2Fv2%2Fmedia&parent=89645"}],"wp:term":[{"taxonomy":"category","embeddable":true,"href":"https:\/\/www.egemtv.com\/index.php?rest_route=%2Fwp%2Fv2%2Fcategories&post=89645"},{"taxonomy":"post_tag","embeddable":true,"href":"https:\/\/www.egemtv.com\/index.php?rest_route=%2Fwp%2Fv2%2Ftags&post=89645"}],"curies":[{"name":"wp","href":"https:\/\/api.w.org\/{rel}","templated":true}]}}