{"id":89642,"date":"2026-02-22T13:35:03","date_gmt":"2026-02-22T10:35:03","guid":{"rendered":"https:\/\/www.egemtv.com\/?p=89642"},"modified":"2026-02-22T13:35:04","modified_gmt":"2026-02-22T10:35:04","slug":"manisada-hasta-nakil-filosuna-hayirsever-destegi","status":"publish","type":"post","link":"https:\/\/www.egemtv.com\/?p=89642","title":{"rendered":"Manisa\u2019da hasta nakil filosuna hay\u0131rsever deste\u011fi"},"content":{"rendered":"<p>Manisa B\u00fcy\u00fck\u015fehir Belediyesi, acil m\u00fcdahale gerektirmeyen hastalar i\u00e7in sundu\u011fu \u00fccretsiz hasta nakil ambulans\u0131 hizmetini hay\u0131rseverlerin deste\u011fiyle b\u00fcy\u00fct\u00fcyor. Yeni hibe edilen ara\u00e7larla ambulans say\u0131s\u0131n\u0131 3\u2019e \u00e7\u0131karan B\u00fcy\u00fck\u015fehir, 2026 y\u0131l\u0131nda 17 il\u00e7ede daha h\u0131zl\u0131 ve kapsaml\u0131 hizmet sunmay\u0131 hedefliyor.<br \/>\n<br \/>Manisa B\u00fcy\u00fck\u015fehir Belediyesi, sosyal belediyecilik anlay\u0131\u015f\u0131 do\u011frultusunda sa\u011fl\u0131k alan\u0131ndaki yat\u0131r\u0131mlar\u0131n\u0131 s\u00fcrd\u00fcr\u00fcyor. \u00d6zellikle hareket kabiliyeti k\u0131s\u0131tl\u0131 vatanda\u015flar\u0131n evlerinden hastaneye, hastaneden tekrar evlerine g\u00fcvenli \u015fekilde ula\u015ft\u0131r\u0131lmas\u0131n\u0131 sa\u011flayan hasta nakil ambulans\u0131 hizmeti, filoya kat\u0131lan yeni ara\u00e7larla daha geni\u015f kitlelere ula\u015f\u0131yor.<br \/>\n<br \/>B\u00fcy\u00fck\u015fehir Belediye Ba\u015fkan\u0131 Besim Dutlulu\u2019nun \u00f6nc\u00fcl\u00fc\u011f\u00fcnde y\u00fcr\u00fct\u00fclen \u00e7al\u0131\u015fmalar kapsam\u0131nda, 17 il\u00e7ede vatanda\u015flar\u0131n hayat\u0131n\u0131 kolayla\u015ft\u0131ran \u00f6rnek bir hizmet modeli ortaya konuldu.<\/p>\n<p>&#8220;B\u00fcy\u00fck bir kolayl\u0131k sa\u011fland\u0131&#8221;<br \/>\n<br \/>Hizmetten yararlanan hasta yak\u0131n\u0131 Dilber Y\u00fccel, sa\u011flanan deste\u011fin kendileri i\u00e7in b\u00fcy\u00fck \u00f6nem ta\u015f\u0131d\u0131\u011f\u0131n\u0131 belirterek, &#8220;Eskiden hastam\u0131z\u0131 sandalyesiyle indirip bindirmekte \u00e7ok zorlan\u0131yorduk, d\u0131\u015far\u0131dan yard\u0131m bekliyorduk. \u015eimdi ekipler gelip odas\u0131ndan al\u0131yor, hastaneye g\u00f6t\u00fcr\u00fcp tekrar eve b\u0131rak\u0131yor. Bu hizmetten \u00e7ok memnunuz; Allah raz\u0131 olsun. Besim Ba\u015fkan\u0131m\u0131za \u00e7ok te\u015fekk\u00fcr ederiz.&#8221; dedi.<\/p>\n<p>&#8220;Tek ambulansla 1280 nakil yap\u0131ld\u0131&#8221;<br \/>\n<br \/>Sa\u011fl\u0131k Hizmetleri \u015eube M\u00fcd\u00fcr\u00fc Ahmet M\u00fc\u015ftak Ayd\u0131n ise 2025 y\u0131l\u0131nda tek bir ambulansla 1.280 nakil ger\u00e7ekle\u015ftirdiklerini belirterek, hay\u0131rsever vatanda\u015flar\u0131n ba\u011f\u0131\u015flar\u0131yla ara\u00e7 say\u0131s\u0131n\u0131n 3\u2019e y\u00fckseldi\u011fini ifade etti.<br \/>\n<br \/>Ayd\u0131n, &#8220;Ba\u015fkan\u0131m\u0131z Besim Dutlulu\u2019nun vizyonu do\u011frultusunda 2026 y\u0131l\u0131nda geni\u015fleyen filomuzla hizmet kapasitemizi ve kalitemizi daha da art\u0131raca\u011f\u0131z. Vatanda\u015flar\u0131m\u0131z 444 99 45 \u00c7\u00f6z\u00fcm Merkezi ya da manisa.bel.tr adresi \u00fczerinden ba\u015fvuruda bulunabilir. 17 il\u00e7emizde aktif olarak hizmet veriyoruz.&#8221; diye konu\u015ftu.<br \/>\n<br \/>Ayd\u0131n, Manisa B\u00fcy\u00fck\u015fehir Belediyesi\u2019nin \u00fccretsiz hasta nakil hizmetinin, \u00f6zellikle ya\u015fl\u0131, engelli ve yata\u011fa ba\u011f\u0131ml\u0131 hastalar i\u00e7in \u00f6nemli bir destek olmaya devam edece\u011finin alt\u0131n\u0131 \u00e7izdi.<br \/><\/p>\n","protected":false},"excerpt":{"rendered":"<p>Manisa B\u00fcy\u00fck\u015fehir Belediyesi, acil m\u00fcdahale gerektirmeyen hastalar i\u00e7in sundu\u011fu \u00fccretsiz hasta nakil ambulans\u0131 hizmetini hay\u0131rseverlerin deste\u011fiyle b\u00fcy\u00fct\u00fcyor. Yeni hibe edilen ara\u00e7larla ambulans say\u0131s\u0131n\u0131 3\u2019e \u00e7\u0131karan B\u00fcy\u00fck\u015fehir, 2026 y\u0131l\u0131nda 17 il\u00e7ede daha h\u0131zl\u0131 ve kapsaml\u0131 hizmet sunmay\u0131 hedefliyor. Manisa B\u00fcy\u00fck\u015fehir Belediyesi, sosyal belediyecilik anlay\u0131\u015f\u0131 do\u011frultusunda sa\u011fl\u0131k alan\u0131ndaki yat\u0131r\u0131mlar\u0131n\u0131 s\u00fcrd\u00fcr\u00fcyor. \u00d6zellikle hareket kabiliyeti k\u0131s\u0131tl\u0131 vatanda\u015flar\u0131n evlerinden hastaneye,&#8230;<\/p>\n","protected":false},"author":1,"featured_media":89643,"comment_status":"open","ping_status":"open","sticky":false,"template":"","format":"standard","meta":{"_crdt_document":"","footnotes":""},"categories":[2],"tags":[],"class_list":["post-89642","post","type-post","status-publish","format-standard","has-post-thumbnail","hentry","category-saglik"],"_links":{"self":[{"href":"https:\/\/www.egemtv.com\/index.php?rest_route=\/wp\/v2\/posts\/89642","targetHints":{"allow":["GET"]}}],"collection":[{"href":"https:\/\/www.egemtv.com\/index.php?rest_route=\/wp\/v2\/posts"}],"about":[{"href":"https:\/\/www.egemtv.com\/index.php?rest_route=\/wp\/v2\/types\/post"}],"author":[{"embeddable":true,"href":"https:\/\/www.egemtv.com\/index.php?rest_route=\/wp\/v2\/users\/1"}],"replies":[{"embeddable":true,"href":"https:\/\/www.egemtv.com\/index.php?rest_route=%2Fwp%2Fv2%2Fcomments&post=89642"}],"version-history":[{"count":1,"href":"https:\/\/www.egemtv.com\/index.php?rest_route=\/wp\/v2\/posts\/89642\/revisions"}],"predecessor-version":[{"id":89644,"href":"https:\/\/www.egemtv.com\/index.php?rest_route=\/wp\/v2\/posts\/89642\/revisions\/89644"}],"wp:featuredmedia":[{"embeddable":true,"href":"https:\/\/www.egemtv.com\/index.php?rest_route=\/wp\/v2\/media\/89643"}],"wp:attachment":[{"href":"https:\/\/www.egemtv.com\/index.php?rest_route=%2Fwp%2Fv2%2Fmedia&parent=89642"}],"wp:term":[{"taxonomy":"category","embeddable":true,"href":"https:\/\/www.egemtv.com\/index.php?rest_route=%2Fwp%2Fv2%2Fcategories&post=89642"},{"taxonomy":"post_tag","embeddable":true,"href":"https:\/\/www.egemtv.com\/index.php?rest_route=%2Fwp%2Fv2%2Ftags&post=89642"}],"curies":[{"name":"wp","href":"https:\/\/api.w.org\/{rel}","templated":true}]}}