{"id":8955,"date":"2025-01-15T12:26:38","date_gmt":"2025-01-15T09:26:38","guid":{"rendered":"https:\/\/www.egemtv.com\/?p=8955"},"modified":"2025-01-15T12:26:44","modified_gmt":"2025-01-15T09:26:44","slug":"selcukta-carsi-duzenlemeleri-icin-esnafin-gorusleri-alindi","status":"publish","type":"post","link":"https:\/\/www.egemtv.com\/?p=8955","title":{"rendered":"Sel\u00e7uk\u2019ta \u00e7ar\u015f\u0131 d\u00fczenlemeleri i\u00e7in esnaf\u0131n g\u00f6r\u00fc\u015fleri al\u0131nd\u0131"},"content":{"rendered":"<p>Sel\u00e7uk Belediyesi taraf\u0131ndan s\u00fcrd\u00fcr\u00fclen altyap\u0131 \u00e7al\u0131\u015fmalar\u0131 kapsam\u0131nda toplant\u0131 ger\u00e7ekle\u015ftirilerek, il\u00e7e esnaf\u0131 \u00e7al\u0131\u015fmalar hakk\u0131nda bilgilendirildi.<br \/>\n<br \/>Sel\u00e7uk\u2019ta altyap\u0131 \u00e7al\u0131\u015fmalar\u0131 devam ederken Prof. Dr. Ahmet Taner K\u0131\u015flal\u0131 Toplant\u0131 Salonu\u2019nda esnafa y\u00f6nelik bir toplant\u0131 d\u00fczenlendi. Devam eden altyap\u0131 \u00e7al\u0131\u015fmalar\u0131na dair esnaf\u0131n bilgilendirildi\u011fi toplant\u0131da, altyap\u0131 \u00e7al\u0131\u015fmalar\u0131 sonras\u0131nda \u00e7ar\u015f\u0131da yap\u0131lacak cephe d\u00fczenlemeleri, peyzaj d\u00fczenlenmesi, ayd\u0131nlatmalar\u0131n d\u00fczenlenmesi gibi konularda esnaf ile g\u00f6r\u00fc\u015f al\u0131\u015fveri\u015finde bulunuldu. Taleplerini ileten esnaflar ayr\u0131ca dijital ankete de kat\u0131l\u0131m g\u00f6sterdi.<br \/>\n<br \/>Toplant\u0131da konu\u015fan Sel\u00e7uk Belediye Ba\u015fkan\u0131 Filiz Cerito\u011flu Sengel, A\u011fustos ay\u0131nda esnaf ve vatanda\u015flar ile yap\u0131lan toplant\u0131da \u00e7\u0131kan karar sonras\u0131nda \u00e7al\u0131\u015fmalar\u0131n 17 Aral\u0131k\u2019ta ba\u015flad\u0131\u011f\u0131n\u0131 belirtti. S\u00fcre\u00e7 devam ederken esnaflar\u0131n g\u00f6r\u00fc\u015flerine \u00f6nem verdiklerini belirten Ba\u015fkan Cerito\u011flu Sengel, \u201c\u015eu anda altyap\u0131 \u00e7al\u0131\u015fmalar\u0131 son h\u0131z devam ediyor. Bu s\u00fcre\u00e7 i\u00e7erisinde ve o g\u00fcn\u00fcn toplant\u0131s\u0131nda sizlere s\u00f6ylemi\u015ftim. Biz baz\u0131 \u00e7al\u0131\u015fmalar yapaca\u011f\u0131z ve bu \u00e7al\u0131\u015fmalar\u0131 sizlerle muhakkak payla\u015faca\u011f\u0131z, sizlerden de baz\u0131 fikirler almam\u0131z gerekiyor diye. Neyi yapmam\u0131z gerekti\u011fini sizlerle birlikte tespit etmek, istedi\u011fimiz konularda sizlerin d\u00fc\u015f\u00fcncelerine ve g\u00f6r\u00fc\u015flerine ihtiyac\u0131m\u0131z oldu\u011fu bir noktaya geldik\u201d dedi.<br \/>\n<br \/>Toplant\u0131da bir sunum yapan Belediye Ba\u015fkan Yard\u0131mc\u0131s\u0131 Cansu Bak\u0131c\u0131ol, s\u00fcre\u00e7 ile ilgili bilgi verdi. 17 Aral\u0131k itibariyle ba\u015flayan \u00e7al\u0131\u015fmalar\u0131n planland\u0131\u011f\u0131 gibi gitti\u011fini belirten Bak\u0131c\u0131ol, \u201c\u0130ZSU ve \u0130ZM\u0130RGAZ\u2019\u0131n yapt\u0131\u011f\u0131 \u00e7al\u0131\u015fmalarda ana hatlar bitmek \u00fczere, \u0130ZSU y\u00fczde 90\u2019da \u0130ZM\u0130RGAZ da y\u00fczde 80 oran\u0131nda ana hatlar\u0131 bitirmi\u015f durumda.  Ana hatlar bittikten sonra iki kurum da \u00f6nce test yapacak sonra bran\u015fman ba\u011flant\u0131lar\u0131na ge\u00e7ecekler. Bir aksilik olmazsa haftaya bran\u015fman ba\u011flant\u0131lar\u0131na ge\u00e7mi\u015f olacaklar\u201d dedi. Altyap\u0131 \u00e7al\u0131\u015fmalar\u0131n\u0131n tamamlanmas\u0131n\u0131n ard\u0131ndan yap\u0131lmas\u0131 gereken \u00e7al\u0131\u015fmalar\u0131 aktaran Cansu Bak\u0131c\u0131ol, \u201cAltyap\u0131y\u0131 yap\u0131yoruz, zemin kaplamas\u0131n\u0131 de\u011fi\u015ftiriyoruz ama siluetler ve bitki \u00f6rt\u00fcs\u00fc ile ilgili ve \u00e7evre d\u00fczenlemesi ile ilgili ne gibi de\u011fi\u015fiklikler yapabiliriz. Sizin memnuniyet duydu\u011funuz veya de\u011fi\u015fmesini istedi\u011finiz uygulamalar nelerdir diye bug\u00fcn topland\u0131k\u201d dedi.<br \/>\n<br \/>Cansu Bak\u0131c\u0131ol, sunumunda \u00e7ar\u015f\u0131 esnaf\u0131n\u0131 yak\u0131ndan ilgilendiren tente, cephe d\u00fczenlemesi, peyzaj d\u00fczenlemesi ile ilgili yap\u0131lmas\u0131 planlanan de\u011fi\u015fiklikleri esnaf ile payla\u015ft\u0131. Sunumun ard\u0131ndan g\u00f6r\u00fc\u015f ve \u00f6nerilerini dile getiren kent esnaf\u0131 taklar, peyzaj d\u00fczenlemesinde kullan\u0131lacak \u00e7i\u00e7ekler ve a\u011fa\u00e7lar\u0131n cinsleri, ayd\u0131nlatma, bina cephelerinin boyas\u0131, tabela ve tente kullan\u0131m\u0131 ba\u015fta olmak \u00fczere \u00e7ar\u015f\u0131n\u0131n \u00e7ehresini yenileyecek g\u00f6rsel konular\u0131n belirlenmesine y\u00f6nelik dijital ankete kat\u0131ld\u0131.<br \/>\n<br \/><img fetchpriority=\"high\" decoding=\"async\" width=\"1280\" height=\"853\" src=\"https:\/\/www.egemtv.com\/wp-content\/uploads\/2025\/01\/selcukta-carsi-duzenlemeleri-icin-esnafin-gorusleri-alindi_2fa3042bcd1e.jpg\" class=\"attachment-full size-full not-transparent\" alt=\"\" data-has-transparency=\"false\" data-dominant-color=\"a18469\" style=\"--dominant-color: #a18469\" \/><img decoding=\"async\" width=\"1280\" height=\"853\" src=\"https:\/\/www.egemtv.com\/wp-content\/uploads\/2025\/01\/selcukta-carsi-duzenlemeleri-icin-esnafin-gorusleri-alindi_c2d4b92f35e1.jpg\" class=\"attachment-full size-full not-transparent\" alt=\"\" data-has-transparency=\"false\" data-dominant-color=\"26211e\" style=\"--dominant-color: #26211e\" \/><img decoding=\"async\" width=\"1280\" height=\"853\" src=\"https:\/\/www.egemtv.com\/wp-content\/uploads\/2025\/01\/selcukta-carsi-duzenlemeleri-icin-esnafin-gorusleri-alindi_09fbf383b81e.jpg\" class=\"attachment-full size-full not-transparent\" alt=\"\" data-has-transparency=\"false\" data-dominant-color=\"695941\" style=\"--dominant-color: #695941\" \/><\/p>\n","protected":false},"excerpt":{"rendered":"<p>Sel\u00e7uk Belediyesi taraf\u0131ndan s\u00fcrd\u00fcr\u00fclen altyap\u0131 \u00e7al\u0131\u015fmalar\u0131 kapsam\u0131nda toplant\u0131 ger\u00e7ekle\u015ftirilerek, il\u00e7e esnaf\u0131 \u00e7al\u0131\u015fmalar hakk\u0131nda bilgilendirildi. Sel\u00e7uk\u2019ta altyap\u0131 \u00e7al\u0131\u015fmalar\u0131 devam ederken Prof. Dr. Ahmet Taner K\u0131\u015flal\u0131 Toplant\u0131 Salonu\u2019nda esnafa y\u00f6nelik bir toplant\u0131 d\u00fczenlendi. Devam eden altyap\u0131 \u00e7al\u0131\u015fmalar\u0131na dair esnaf\u0131n bilgilendirildi\u011fi toplant\u0131da, altyap\u0131 \u00e7al\u0131\u015fmalar\u0131 sonras\u0131nda \u00e7ar\u015f\u0131da yap\u0131lacak cephe d\u00fczenlemeleri, peyzaj d\u00fczenlenmesi, ayd\u0131nlatmalar\u0131n d\u00fczenlenmesi gibi konularda esnaf ile g\u00f6r\u00fc\u015f&#8230;<\/p>\n","protected":false},"author":1,"featured_media":8956,"comment_status":"open","ping_status":"open","sticky":false,"template":"","format":"standard","meta":{"_crdt_document":"","footnotes":""},"categories":[1],"tags":[],"class_list":["post-8955","post","type-post","status-publish","format-standard","has-post-thumbnail","hentry","category-guncel"],"_links":{"self":[{"href":"https:\/\/www.egemtv.com\/index.php?rest_route=\/wp\/v2\/posts\/8955","targetHints":{"allow":["GET"]}}],"collection":[{"href":"https:\/\/www.egemtv.com\/index.php?rest_route=\/wp\/v2\/posts"}],"about":[{"href":"https:\/\/www.egemtv.com\/index.php?rest_route=\/wp\/v2\/types\/post"}],"author":[{"embeddable":true,"href":"https:\/\/www.egemtv.com\/index.php?rest_route=\/wp\/v2\/users\/1"}],"replies":[{"embeddable":true,"href":"https:\/\/www.egemtv.com\/index.php?rest_route=%2Fwp%2Fv2%2Fcomments&post=8955"}],"version-history":[{"count":1,"href":"https:\/\/www.egemtv.com\/index.php?rest_route=\/wp\/v2\/posts\/8955\/revisions"}],"predecessor-version":[{"id":8960,"href":"https:\/\/www.egemtv.com\/index.php?rest_route=\/wp\/v2\/posts\/8955\/revisions\/8960"}],"wp:featuredmedia":[{"embeddable":true,"href":"https:\/\/www.egemtv.com\/index.php?rest_route=\/wp\/v2\/media\/8956"}],"wp:attachment":[{"href":"https:\/\/www.egemtv.com\/index.php?rest_route=%2Fwp%2Fv2%2Fmedia&parent=8955"}],"wp:term":[{"taxonomy":"category","embeddable":true,"href":"https:\/\/www.egemtv.com\/index.php?rest_route=%2Fwp%2Fv2%2Fcategories&post=8955"},{"taxonomy":"post_tag","embeddable":true,"href":"https:\/\/www.egemtv.com\/index.php?rest_route=%2Fwp%2Fv2%2Ftags&post=8955"}],"curies":[{"name":"wp","href":"https:\/\/api.w.org\/{rel}","templated":true}]}}