{"id":89456,"date":"2026-02-21T12:35:32","date_gmt":"2026-02-21T09:35:32","guid":{"rendered":"https:\/\/www.egemtv.com\/?p=89456"},"modified":"2026-02-21T12:35:33","modified_gmt":"2026-02-21T09:35:33","slug":"salihlide-sozlesmeli-tarim-toplantisi-gerceklestirildi","status":"publish","type":"post","link":"https:\/\/www.egemtv.com\/?p=89456","title":{"rendered":"Salihli\u2019de s\u00f6zle\u015fmeli tar\u0131m toplant\u0131s\u0131 ger\u00e7ekle\u015ftirildi"},"content":{"rendered":"<p>Salihli Kaymakam\u0131 Ali G\u00fcndo\u011fan ba\u015fkanl\u0131\u011f\u0131nda ger\u00e7ekle\u015ftirilen S\u00f6zle\u015fmeli Tar\u0131m Toplant\u0131s\u0131nda s\u00f6zle\u015fmeli tar\u0131m modelinin \u00fcretici ve sanayici a\u00e7\u0131s\u0131ndan ta\u015f\u0131d\u0131\u011f\u0131 \u00f6nem, planl\u0131 \u00fcretimin sa\u011flanmas\u0131, \u00fcr\u00fcn kalitesinin art\u0131r\u0131lmas\u0131 ve pazarlama s\u00fcre\u00e7lerinde s\u00fcrd\u00fcr\u00fclebilirli\u011fin g\u00fc\u00e7lendirilmesi konular\u0131 ele al\u0131nd\u0131.<br \/>\n<br \/>Manisa\u2019n\u0131n Salihli il\u00e7esinde Kaymakam Ali G\u00fcldo\u011fan ba\u015fkanl\u0131\u011f\u0131nda, belirli aral\u0131klarla d\u00fczenlenen S\u00f6zle\u015fmeli Tar\u0131m Toplant\u0131s\u0131 ger\u00e7ekle\u015ftirildi. Salihli Organize Sanayi B\u00f6lgesi\u2019nde ilgili payda\u015flar\u0131n kat\u0131l\u0131m\u0131yla yap\u0131lan toplant\u0131da; s\u00f6zle\u015fmeli tar\u0131m modelinin \u00fcretici ve sanayici a\u00e7\u0131s\u0131ndan ta\u015f\u0131d\u0131\u011f\u0131 \u00f6nem, planl\u0131 \u00fcretimin sa\u011flanmas\u0131, \u00fcr\u00fcn kalitesinin art\u0131r\u0131lmas\u0131 ve pazarlama s\u00fcre\u00e7lerinde s\u00fcrd\u00fcr\u00fclebilirli\u011fin g\u00fc\u00e7lendirilmesi konular\u0131 ele al\u0131nd\u0131.<br \/>\n<br \/>Toplant\u0131da yap\u0131lan de\u011ferlendirmelerde, \u00fcreticiler ile sanayiciler aras\u0131ndaki i\u015f birli\u011finin g\u00fc\u00e7lendirilmesinin b\u00f6lge ekonomisi ve tar\u0131msal kalk\u0131nma a\u00e7\u0131s\u0131ndan \u00f6nemli katk\u0131lar sa\u011flayaca\u011f\u0131 ifade edildi. Tar\u0131m sekt\u00f6r\u00fcnde istikrar\u0131n sa\u011flanmas\u0131 ve \u00fcretici eme\u011finin korunmas\u0131 ad\u0131na s\u00f6zle\u015fmeli \u00fcretim modelinin \u00f6nemine dikkat \u00e7ekildi. Toplant\u0131, kat\u0131l\u0131mc\u0131lar\u0131n kar\u015f\u0131l\u0131kl\u0131 g\u00f6r\u00fc\u015f ve \u00f6nerilerini payla\u015fmas\u0131n\u0131n ard\u0131ndan sona erdi.<br \/><\/p>\n","protected":false},"excerpt":{"rendered":"<p>Salihli Kaymakam\u0131 Ali G\u00fcndo\u011fan ba\u015fkanl\u0131\u011f\u0131nda ger\u00e7ekle\u015ftirilen S\u00f6zle\u015fmeli Tar\u0131m Toplant\u0131s\u0131nda s\u00f6zle\u015fmeli tar\u0131m modelinin \u00fcretici ve sanayici a\u00e7\u0131s\u0131ndan ta\u015f\u0131d\u0131\u011f\u0131 \u00f6nem, planl\u0131 \u00fcretimin sa\u011flanmas\u0131, \u00fcr\u00fcn kalitesinin art\u0131r\u0131lmas\u0131 ve pazarlama s\u00fcre\u00e7lerinde s\u00fcrd\u00fcr\u00fclebilirli\u011fin g\u00fc\u00e7lendirilmesi konular\u0131 ele al\u0131nd\u0131. Manisa\u2019n\u0131n Salihli il\u00e7esinde Kaymakam Ali G\u00fcldo\u011fan ba\u015fkanl\u0131\u011f\u0131nda, belirli aral\u0131klarla d\u00fczenlenen S\u00f6zle\u015fmeli Tar\u0131m Toplant\u0131s\u0131 ger\u00e7ekle\u015ftirildi. Salihli Organize Sanayi B\u00f6lgesi\u2019nde ilgili payda\u015flar\u0131n kat\u0131l\u0131m\u0131yla yap\u0131lan toplant\u0131da;&#8230;<\/p>\n","protected":false},"author":1,"featured_media":89457,"comment_status":"open","ping_status":"open","sticky":false,"template":"","format":"standard","meta":{"_crdt_document":"","footnotes":""},"categories":[125],"tags":[],"class_list":["post-89456","post","type-post","status-publish","format-standard","has-post-thumbnail","hentry","category-ekonomi"],"_links":{"self":[{"href":"https:\/\/www.egemtv.com\/index.php?rest_route=\/wp\/v2\/posts\/89456","targetHints":{"allow":["GET"]}}],"collection":[{"href":"https:\/\/www.egemtv.com\/index.php?rest_route=\/wp\/v2\/posts"}],"about":[{"href":"https:\/\/www.egemtv.com\/index.php?rest_route=\/wp\/v2\/types\/post"}],"author":[{"embeddable":true,"href":"https:\/\/www.egemtv.com\/index.php?rest_route=\/wp\/v2\/users\/1"}],"replies":[{"embeddable":true,"href":"https:\/\/www.egemtv.com\/index.php?rest_route=%2Fwp%2Fv2%2Fcomments&post=89456"}],"version-history":[{"count":1,"href":"https:\/\/www.egemtv.com\/index.php?rest_route=\/wp\/v2\/posts\/89456\/revisions"}],"predecessor-version":[{"id":89458,"href":"https:\/\/www.egemtv.com\/index.php?rest_route=\/wp\/v2\/posts\/89456\/revisions\/89458"}],"wp:featuredmedia":[{"embeddable":true,"href":"https:\/\/www.egemtv.com\/index.php?rest_route=\/wp\/v2\/media\/89457"}],"wp:attachment":[{"href":"https:\/\/www.egemtv.com\/index.php?rest_route=%2Fwp%2Fv2%2Fmedia&parent=89456"}],"wp:term":[{"taxonomy":"category","embeddable":true,"href":"https:\/\/www.egemtv.com\/index.php?rest_route=%2Fwp%2Fv2%2Fcategories&post=89456"},{"taxonomy":"post_tag","embeddable":true,"href":"https:\/\/www.egemtv.com\/index.php?rest_route=%2Fwp%2Fv2%2Ftags&post=89456"}],"curies":[{"name":"wp","href":"https:\/\/api.w.org\/{rel}","templated":true}]}}