{"id":89453,"date":"2026-02-21T12:35:31","date_gmt":"2026-02-21T09:35:31","guid":{"rendered":"https:\/\/www.egemtv.com\/?p=89453"},"modified":"2026-02-21T12:35:32","modified_gmt":"2026-02-21T09:35:32","slug":"tlos-antik-kentinde-tarih-sanatla-canlandi","status":"publish","type":"post","link":"https:\/\/www.egemtv.com\/?p=89453","title":{"rendered":"Tlos Antik Kenti\u2019nde tarih sanatla canland\u0131"},"content":{"rendered":"<p>Mu\u011fla Gen\u00e7lik Y\u0131l\u0131 kapsam\u0131nda d\u00fczenlenen &#8220;Gen\u00e7lerin Sanat\u0131 Yar\u0131n\u0131n Miras\u0131&#8221; program\u0131 ile g\u00f6n\u00fcll\u00fc gen\u00e7ler, 3 bin y\u0131ll\u0131k Tlos Antik Kenti\u2019nde seramik yap\u0131lar tasarlayarak tarihi modern sanatla bulu\u015fturdu.<\/p>\n<p>Mente\u015fe Gen\u00e7lik ve Spor \u0130l\u00e7e M\u00fcd\u00fcrl\u00fc\u011f\u00fc b\u00fcnyesindeki Uluslararas\u0131 Gen\u00e7lik Merkezi, Mu\u011fla Gen\u00e7lik Y\u0131l\u0131 etkinlikleri \u00e7er\u00e7evesinde haf\u0131zalardan silinmeyecek bir programa imza att\u0131. Seydikemer\u2019in tarihi dokusuyla b\u00fcy\u00fcleyen Likya kenti Tlos, bu kez gen\u00e7 sanat\u00e7\u0131lar\u0131n at\u00f6lyesine ev sahipli\u011fi yapt\u0131.<\/p>\n<p>Program, gen\u00e7lerin Likya Birli\u011fi\u2019nin en \u00f6nemli yerle\u015fimlerinden biri olan Tlos Antik Kenti\u2019ni ke\u015ffetmesiyle ba\u015flad\u0131. Uzmanlar e\u015fli\u011finde kaya mezarlar\u0131, antik tiyatro ve Roma d\u00f6nemi kal\u0131nt\u0131lar\u0131n\u0131 inceleyen g\u00f6n\u00fcll\u00fc gen\u00e7ler; b\u00f6lgenin mitolojik ge\u00e7mi\u015fi ve k\u00fclt\u00fcrel miras\u0131 hakk\u0131nda derinlemesine bilgi sahibi oldu.<\/p>\n<p>&#8220;Gen\u00e7lerin Sanat\u0131 Yar\u0131n\u0131n Miras\u0131&#8221; slogan\u0131yla a\u00e7\u0131k havada kurulan at\u00f6lyede gen\u00e7ler, kentin tarihi fig\u00fcr ve b\u00fcstlerinden ilham alarak seramik \u00e7al\u0131\u015fmalar\u0131 ger\u00e7ekle\u015ftirdi. Antik d\u00f6nem esteti\u011fi, gen\u00e7lerin \u00f6zg\u00fcn bak\u0131\u015f a\u00e7\u0131s\u0131yla harmanland\u0131. Tarihi mekanlar\u0131n sadece birer m\u00fcze de\u011fil, ya\u015fayan birer ilham kayna\u011f\u0131 oldu\u011fu vurguland\u0131. Sanatsal becerilerini geli\u015ftiren gen\u00e7ler, ayn\u0131 zamanda k\u00fclt\u00fcrel miras\u0131 koruma bilinci kazand\u0131.<\/p>\n<p>Mente\u015fe Gen\u00e7lik ve Spor \u0130l\u00e7e M\u00fcd\u00fcrl\u00fc\u011f\u00fc yetkilileri, Mu\u011fla Gen\u00e7lik Y\u0131l\u0131 boyunca bu t\u00fcr projelerin s\u00fcrece\u011fini belirterek \u015fu ifadeleri kulland\u0131: &#8220;Gen\u00e7lerimizin tarihi alanlarda sanat \u00fcretmesi, hem ge\u00e7mi\u015fe sahip \u00e7\u0131kmalar\u0131n\u0131 sa\u011fl\u0131yor hem de kendilerini ifade etmelerine imkan tan\u0131yor. Tarihi mekanlar\u0131 ya\u015fayan alanlara d\u00f6n\u00fc\u015ft\u00fcrmeye devam edece\u011fiz&#8221;ifadesi kullan\u0131ld\u0131.<br \/><\/p>\n","protected":false},"excerpt":{"rendered":"<p>Mu\u011fla Gen\u00e7lik Y\u0131l\u0131 kapsam\u0131nda d\u00fczenlenen &#8220;Gen\u00e7lerin Sanat\u0131 Yar\u0131n\u0131n Miras\u0131&#8221; program\u0131 ile g\u00f6n\u00fcll\u00fc gen\u00e7ler, 3 bin y\u0131ll\u0131k Tlos Antik Kenti\u2019nde seramik yap\u0131lar tasarlayarak tarihi modern sanatla bulu\u015fturdu. Mente\u015fe Gen\u00e7lik ve Spor \u0130l\u00e7e M\u00fcd\u00fcrl\u00fc\u011f\u00fc b\u00fcnyesindeki Uluslararas\u0131 Gen\u00e7lik Merkezi, Mu\u011fla Gen\u00e7lik Y\u0131l\u0131 etkinlikleri \u00e7er\u00e7evesinde haf\u0131zalardan silinmeyecek bir programa imza att\u0131. Seydikemer\u2019in tarihi dokusuyla b\u00fcy\u00fcleyen Likya kenti Tlos, bu&#8230;<\/p>\n","protected":false},"author":1,"featured_media":89454,"comment_status":"open","ping_status":"open","sticky":false,"template":"","format":"standard","meta":{"_crdt_document":"","footnotes":""},"categories":[1],"tags":[],"class_list":["post-89453","post","type-post","status-publish","format-standard","has-post-thumbnail","hentry","category-guncel"],"_links":{"self":[{"href":"https:\/\/www.egemtv.com\/index.php?rest_route=\/wp\/v2\/posts\/89453","targetHints":{"allow":["GET"]}}],"collection":[{"href":"https:\/\/www.egemtv.com\/index.php?rest_route=\/wp\/v2\/posts"}],"about":[{"href":"https:\/\/www.egemtv.com\/index.php?rest_route=\/wp\/v2\/types\/post"}],"author":[{"embeddable":true,"href":"https:\/\/www.egemtv.com\/index.php?rest_route=\/wp\/v2\/users\/1"}],"replies":[{"embeddable":true,"href":"https:\/\/www.egemtv.com\/index.php?rest_route=%2Fwp%2Fv2%2Fcomments&post=89453"}],"version-history":[{"count":1,"href":"https:\/\/www.egemtv.com\/index.php?rest_route=\/wp\/v2\/posts\/89453\/revisions"}],"predecessor-version":[{"id":89455,"href":"https:\/\/www.egemtv.com\/index.php?rest_route=\/wp\/v2\/posts\/89453\/revisions\/89455"}],"wp:featuredmedia":[{"embeddable":true,"href":"https:\/\/www.egemtv.com\/index.php?rest_route=\/wp\/v2\/media\/89454"}],"wp:attachment":[{"href":"https:\/\/www.egemtv.com\/index.php?rest_route=%2Fwp%2Fv2%2Fmedia&parent=89453"}],"wp:term":[{"taxonomy":"category","embeddable":true,"href":"https:\/\/www.egemtv.com\/index.php?rest_route=%2Fwp%2Fv2%2Fcategories&post=89453"},{"taxonomy":"post_tag","embeddable":true,"href":"https:\/\/www.egemtv.com\/index.php?rest_route=%2Fwp%2Fv2%2Ftags&post=89453"}],"curies":[{"name":"wp","href":"https:\/\/api.w.org\/{rel}","templated":true}]}}