{"id":89450,"date":"2026-02-21T11:55:36","date_gmt":"2026-02-21T08:55:36","guid":{"rendered":"https:\/\/www.egemtv.com\/?p=89450"},"modified":"2026-02-21T11:55:37","modified_gmt":"2026-02-21T08:55:37","slug":"goztepe-galibiyet-parolasiyla-besiktas-deplasmaninda","status":"publish","type":"post","link":"https:\/\/www.egemtv.com\/?p=89450","title":{"rendered":"G\u00f6ztepe, galibiyet parolas\u0131yla Be\u015fikta\u015f deplasman\u0131nda"},"content":{"rendered":"<p>G\u00f6ztepe, Trendyol S\u00fcper Lig\u2019in 23. haftas\u0131nda yar\u0131n Be\u015fikta\u015f\u2019a konuk olacak. Avrupa kupalar\u0131n\u0131 hedefleyen sar\u0131-k\u0131rm\u0131z\u0131l\u0131lar, kar\u015f\u0131la\u015fmaya mutlak galibiyet parolas\u0131yla \u00e7\u0131kacak.<br \/>\n<br \/>Trendyol S\u00fcper Lig\u2019in 23. haftas\u0131nda G\u00f6ztepe, yar\u0131n saat 20.00\u2019de T\u00fcpra\u015f Stadyumu\u2019nda Be\u015fikta\u015f ile kar\u015f\u0131 kar\u015f\u0131ya gelecek. \u0130zmir temsilcisi, deplasmanda bu kritik kar\u015f\u0131la\u015fmay\u0131 kazanarak Avrupa kupalar\u0131 hedefi do\u011frultusunda yoluna emin ad\u0131mlarla devam etmeyi hedefliyor.<\/p>\n<p>Sakat oyuncular\u0131n durumu teknik heyeti mutlu etti<br \/>\n<br \/>Brezilyal\u0131 forvetler Juan ve Jeferson\u2019un sakatl\u0131klar\u0131n\u0131 atlatt\u0131\u011f\u0131, hafta boyunca tak\u0131mla \u00e7al\u0131\u015farak Be\u015fikta\u015f ma\u00e7\u0131na haz\u0131r hale geldi\u011fi belirtildi.<br \/>\n<br \/>G\u00f6ztepe\u2019de Kayserispor kar\u015f\u0131la\u015fmas\u0131nda ma\u00e7\u0131n son anlar\u0131nda forma giyebilen sa\u011f kanat Arda Okan\u2019\u0131n da tamamen iyile\u015fmesi teknik heyetin y\u00fcz\u00fcn\u00fc g\u00fcld\u00fcrd\u00fc. Teknik Direkt\u00f6r Stanimir Stoilov\u2019un Be\u015fikta\u015f deplasman\u0131nda Juan ve Arda\u2019ya ilk 11\u2019de g\u00f6rev vermesi, Jeferson\u2019u ise kul\u00fcbede koz olarak de\u011ferlendirmesi bekleniyor. Orta saha oyuncusu Efkan Bekiro\u011flu\u2019nun ise sakatl\u0131\u011f\u0131 nedeniyle hen\u00fcz antrenmanlara ba\u015flayamad\u0131\u011f\u0131 ifade edildi.<\/p>\n<p>D\u0131\u015f sahada 14 puan topland\u0131<br \/>\n<br \/>G\u00f6ztepe, bu sezon Trendyol S\u00fcper Lig\u2019de deplasmanda 11 ma\u00e7a \u00e7\u0131kt\u0131. Sar\u0131-k\u0131rm\u0131z\u0131l\u0131lar bu s\u00fcre\u00e7te 5 galibiyet, 4 ma\u011flubiyet ve 2 beraberlik alarak 19 puan toplad\u0131. Bu s\u00fcre\u00e7te rakip a\u011flar\u0131 13 kez sarsan G\u00f6ztepe, kalesinde ise 7 gol g\u00f6rd\u00fc. Son olarak 6 hafta \u00f6nce d\u0131\u015f saha kar\u015f\u0131la\u015fmas\u0131nda Gaziantep FK\u2019y\u0131 ma\u011flup eden Stanimir Stoilov\u2019un \u00f6\u011frencileri, benzer bir performans\u0131 Be\u015fikta\u015f kar\u015f\u0131s\u0131nda da sergilemeyi hedefliyor.<br \/><\/p>\n","protected":false},"excerpt":{"rendered":"<p>G\u00f6ztepe, Trendyol S\u00fcper Lig\u2019in 23. haftas\u0131nda yar\u0131n Be\u015fikta\u015f\u2019a konuk olacak. Avrupa kupalar\u0131n\u0131 hedefleyen sar\u0131-k\u0131rm\u0131z\u0131l\u0131lar, kar\u015f\u0131la\u015fmaya mutlak galibiyet parolas\u0131yla \u00e7\u0131kacak. Trendyol S\u00fcper Lig\u2019in 23. haftas\u0131nda G\u00f6ztepe, yar\u0131n saat 20.00\u2019de T\u00fcpra\u015f Stadyumu\u2019nda Be\u015fikta\u015f ile kar\u015f\u0131 kar\u015f\u0131ya gelecek. \u0130zmir temsilcisi, deplasmanda bu kritik kar\u015f\u0131la\u015fmay\u0131 kazanarak Avrupa kupalar\u0131 hedefi do\u011frultusunda yoluna emin ad\u0131mlarla devam etmeyi hedefliyor. Sakat oyuncular\u0131n durumu&#8230;<\/p>\n","protected":false},"author":1,"featured_media":89451,"comment_status":"open","ping_status":"open","sticky":false,"template":"","format":"standard","meta":{"_crdt_document":"","footnotes":""},"categories":[4],"tags":[],"class_list":["post-89450","post","type-post","status-publish","format-standard","has-post-thumbnail","hentry","category-spor"],"_links":{"self":[{"href":"https:\/\/www.egemtv.com\/index.php?rest_route=\/wp\/v2\/posts\/89450","targetHints":{"allow":["GET"]}}],"collection":[{"href":"https:\/\/www.egemtv.com\/index.php?rest_route=\/wp\/v2\/posts"}],"about":[{"href":"https:\/\/www.egemtv.com\/index.php?rest_route=\/wp\/v2\/types\/post"}],"author":[{"embeddable":true,"href":"https:\/\/www.egemtv.com\/index.php?rest_route=\/wp\/v2\/users\/1"}],"replies":[{"embeddable":true,"href":"https:\/\/www.egemtv.com\/index.php?rest_route=%2Fwp%2Fv2%2Fcomments&post=89450"}],"version-history":[{"count":1,"href":"https:\/\/www.egemtv.com\/index.php?rest_route=\/wp\/v2\/posts\/89450\/revisions"}],"predecessor-version":[{"id":89452,"href":"https:\/\/www.egemtv.com\/index.php?rest_route=\/wp\/v2\/posts\/89450\/revisions\/89452"}],"wp:featuredmedia":[{"embeddable":true,"href":"https:\/\/www.egemtv.com\/index.php?rest_route=\/wp\/v2\/media\/89451"}],"wp:attachment":[{"href":"https:\/\/www.egemtv.com\/index.php?rest_route=%2Fwp%2Fv2%2Fmedia&parent=89450"}],"wp:term":[{"taxonomy":"category","embeddable":true,"href":"https:\/\/www.egemtv.com\/index.php?rest_route=%2Fwp%2Fv2%2Fcategories&post=89450"},{"taxonomy":"post_tag","embeddable":true,"href":"https:\/\/www.egemtv.com\/index.php?rest_route=%2Fwp%2Fv2%2Ftags&post=89450"}],"curies":[{"name":"wp","href":"https:\/\/api.w.org\/{rel}","templated":true}]}}