{"id":89447,"date":"2026-02-21T11:35:04","date_gmt":"2026-02-21T08:35:04","guid":{"rendered":"https:\/\/www.egemtv.com\/?p=89447"},"modified":"2026-02-21T11:35:06","modified_gmt":"2026-02-21T08:35:06","slug":"lider-muglaspor-zirvedeki-yerini-korumak-istiyor","status":"publish","type":"post","link":"https:\/\/www.egemtv.com\/?p=89447","title":{"rendered":"Lider Mu\u011flaspor zirvedeki yerini korumak istiyor"},"content":{"rendered":"<p>TFF 2. Lig Beyaz Grup\u2019ta \u015fampiyonluk m\u00fccadelesi veren ve ligin zirvesinde yer alan Mu\u011flaspor, yar\u0131n kendi sahas\u0131nda kritik bir ma\u00e7a \u00e7\u0131k\u0131yor. Ye\u015fil-beyazl\u0131 ekip, taraftar\u0131 \u00f6n\u00fcnde \u0130skenderunspor\u2019u a\u011f\u0131rlayarak galibiyet serisini s\u00fcrd\u00fcrmeyi hedefliyor.<\/p>\n<p>TFF 2. Lig Beyaz Grup\u2019ta 2025-2026 sezonunun en dikkat \u00e7eken tak\u0131m\u0131 olan Mu\u011flaspor, 27. hafta m\u00fccadelesinde yar\u0131n \u0130skenderunspor ile kozlar\u0131n\u0131 payla\u015facak. Ligde bir ma\u00e7\u0131 eksik olmas\u0131na ra\u011fmen 56 puanla liderlik koltu\u011funda oturan &#8220;Ege\u2019nin Efeleri&#8221;, en yak\u0131n takip\u00e7isi Batman Petrolspor ile aras\u0131ndaki puan fark\u0131n\u0131 a\u00e7mak ve \u015fampiyonluk yolunda dev bir ad\u0131m daha atmak istiyor. Son haftalarda yakalad\u0131\u011f\u0131 m\u00fcthi\u015f form grafi\u011fi ve \u00fcst \u00fcste ald\u0131\u011f\u0131 galibiyetlerle taraftar\u0131n\u0131 sevince bo\u011fan Mu\u011flaspor, ge\u00e7ti\u011fimiz hafta Erbaaspor deplasman\u0131ndan ald\u0131\u011f\u0131 1-0\u2019l\u0131k kritik galibiyetle moral depolam\u0131\u015ft\u0131. Yar\u0131n saat 15.00\u2019te ba\u015flayacak olan kar\u015f\u0131la\u015fmada Mu\u011flaspor, hem liderli\u011fini per\u00e7inlemek hem de i\u00e7 sahadaki yenilmezlik unvan\u0131n\u0131 korumak i\u00e7in sahaya \u00e7\u0131kacak. Konuk ekip \u0130skenderunspor ise ligde toplad\u0131\u011f\u0131 43 puanla \u00fcst s\u0131ralar\u0131 zorlayan ekipler aras\u0131nda yer al\u0131yor. Zorlu Mu\u011fla deplasman\u0131ndan puan ya da puanlarla ayr\u0131lmay\u0131 hedefleyen Akdeniz temsilcisi, Play-off hatt\u0131ndaki yerini sa\u011flamla\u015ft\u0131rmak istiyor. Mu\u011fla Atat\u00fcrk Stadyumu\u2019nda oynanacak olan bu dev m\u00fccadele i\u00e7in haz\u0131rl\u0131klar tamamland\u0131. Y\u00f6netimin \u00e7a\u011fr\u0131s\u0131yla trib\u00fcnlerin tamamen dolmas\u0131 beklenirken, Mu\u011fla halk\u0131n\u0131n ma\u00e7a yo\u011fun ilgi g\u00f6stermesi \u00f6ng\u00f6r\u00fcl\u00fcyor.<br \/><\/p>\n","protected":false},"excerpt":{"rendered":"<p>TFF 2. Lig Beyaz Grup\u2019ta \u015fampiyonluk m\u00fccadelesi veren ve ligin zirvesinde yer alan Mu\u011flaspor, yar\u0131n kendi sahas\u0131nda kritik bir ma\u00e7a \u00e7\u0131k\u0131yor. Ye\u015fil-beyazl\u0131 ekip, taraftar\u0131 \u00f6n\u00fcnde \u0130skenderunspor\u2019u a\u011f\u0131rlayarak galibiyet serisini s\u00fcrd\u00fcrmeyi hedefliyor. TFF 2. Lig Beyaz Grup\u2019ta 2025-2026 sezonunun en dikkat \u00e7eken tak\u0131m\u0131 olan Mu\u011flaspor, 27. hafta m\u00fccadelesinde yar\u0131n \u0130skenderunspor ile kozlar\u0131n\u0131 payla\u015facak. Ligde bir ma\u00e7\u0131&#8230;<\/p>\n","protected":false},"author":1,"featured_media":89448,"comment_status":"open","ping_status":"open","sticky":false,"template":"","format":"standard","meta":{"_crdt_document":"","footnotes":""},"categories":[4],"tags":[],"class_list":["post-89447","post","type-post","status-publish","format-standard","has-post-thumbnail","hentry","category-spor"],"_links":{"self":[{"href":"https:\/\/www.egemtv.com\/index.php?rest_route=\/wp\/v2\/posts\/89447","targetHints":{"allow":["GET"]}}],"collection":[{"href":"https:\/\/www.egemtv.com\/index.php?rest_route=\/wp\/v2\/posts"}],"about":[{"href":"https:\/\/www.egemtv.com\/index.php?rest_route=\/wp\/v2\/types\/post"}],"author":[{"embeddable":true,"href":"https:\/\/www.egemtv.com\/index.php?rest_route=\/wp\/v2\/users\/1"}],"replies":[{"embeddable":true,"href":"https:\/\/www.egemtv.com\/index.php?rest_route=%2Fwp%2Fv2%2Fcomments&post=89447"}],"version-history":[{"count":1,"href":"https:\/\/www.egemtv.com\/index.php?rest_route=\/wp\/v2\/posts\/89447\/revisions"}],"predecessor-version":[{"id":89449,"href":"https:\/\/www.egemtv.com\/index.php?rest_route=\/wp\/v2\/posts\/89447\/revisions\/89449"}],"wp:featuredmedia":[{"embeddable":true,"href":"https:\/\/www.egemtv.com\/index.php?rest_route=\/wp\/v2\/media\/89448"}],"wp:attachment":[{"href":"https:\/\/www.egemtv.com\/index.php?rest_route=%2Fwp%2Fv2%2Fmedia&parent=89447"}],"wp:term":[{"taxonomy":"category","embeddable":true,"href":"https:\/\/www.egemtv.com\/index.php?rest_route=%2Fwp%2Fv2%2Fcategories&post=89447"},{"taxonomy":"post_tag","embeddable":true,"href":"https:\/\/www.egemtv.com\/index.php?rest_route=%2Fwp%2Fv2%2Ftags&post=89447"}],"curies":[{"name":"wp","href":"https:\/\/api.w.org\/{rel}","templated":true}]}}