{"id":8944,"date":"2025-01-15T12:20:28","date_gmt":"2025-01-15T09:20:28","guid":{"rendered":"https:\/\/www.egemtv.com\/?p=8944"},"modified":"2025-01-15T12:20:31","modified_gmt":"2025-01-15T09:20:31","slug":"afjetin-ges-projesi-hayata-gecirilecek","status":"publish","type":"post","link":"https:\/\/www.egemtv.com\/?p=8944","title":{"rendered":"AFJET\u2019in GES projesi hayata ge\u00e7irilecek"},"content":{"rendered":"<p>Afyonkarahisar Valisi Do\u00e7. Dr. K\u00fcbra G\u00fcran Yi\u011fitba\u015f\u0131, kent genelinde konut, otel ve sera \u0131s\u0131tmas\u0131nda kullan\u0131lan jeotermal kayna\u011f\u0131n i\u015fletmesini ger\u00e7ekle\u015ftiren AFJET\u2019in<br \/>\n<br \/>Dazk\u0131r\u0131 il\u00e7esinde kurulacak olan G\u00fcne\u015f Enerji Sistemi (GES) projesini hayata ge\u00e7irece\u011fini belirtti.<br \/>\n<br \/>Afyon Jeotermal Elektrik \u00dcretim Tesisleri Turizm Sanayi ve Ticaret A.\u015e. (AFJET) Vali Yi\u011fitba\u015f\u0131\u2019n\u0131n yo\u011fun gayretleri ve giri\u015fimleri ile hayata ge\u00e7irilen yeni yat\u0131r\u0131mlarla kente de\u011fer katmaya devam ediyor. Dazk\u0131r\u0131\u2019da kurulacak yeni GES i\u00e7in Vali Yi\u011fitba\u015f\u0131 ba\u015fkanl\u0131\u011f\u0131nda taraflar aras\u0131nda protokol imzaland\u0131.<br \/>\n<br \/>Jeotermal i\u015fletme faaliyetlerinin tamam\u0131n\u0131n elektrikle \u00e7al\u0131\u015fmas\u0131, elektrik maliyetlerinin artmas\u0131yla birlikte bu maliyeti en aza indirmek ve \u015firketin yapaca\u011f\u0131 di\u011fer yat\u0131r\u0131mlara daha fazla kaynak aktarabilmek amac\u0131yla AFJET A.\u015e. taraf\u0131ndan G\u00fcne\u015f Enerji Santrali (GES) kurulmas\u0131 i\u00e7in \u00e7al\u0131\u015fmalar h\u0131zland\u0131r\u0131ld\u0131.<\/p>\n<p>Dazk\u0131r\u0131\u2019da yeni GES projesi<br \/>\n<br \/>Dazk\u0131r\u0131 il\u00e7esinde yeni kurulacak olan trafo merkezlerine yak\u0131n alanda Dazk\u0131r\u0131 Belediyesine ait 2 adet parsel i\u00e7in \u00fcretimden y\u00fczde 5 oran\u0131nda pay verilmesi \u015fart\u0131yla belediye taraf\u0131ndan yap\u0131lan \u00fcst irtifak kullan\u0131m hakk\u0131 ihalesini kazanan AFJET oldu. Bu \u00e7er\u00e7evesinde Vali Yi\u011fitba\u015f\u0131 ba\u015fkanl\u0131\u011f\u0131nda AFJET A.\u015e. ile Dazk\u0131r\u0131 Belediyesi aras\u0131nda protokol imzaland\u0131. Protokol ile gerekli \u00e7al\u0131\u015fmalar\u0131n yap\u0131lmas\u0131n\u0131n ard\u0131ndan GES kurulum s\u00fcreci ba\u015flayacak.<\/p>\n<p>\u201c3 milyon 34 bin 323 metrekarelik bir alana b\u00f6lgesel \u0131s\u0131tma sa\u011fl\u0131yoruz\u201d<br \/>\n<br \/>Projeyi \u00e7ok \u00f6nemsedi\u011fini ifade eden Vali Yi\u011fitba\u015f\u0131, \u201cT\u00fcrkiye\u2019nin jeotermal sekt\u00f6r\u00fcnde \u00f6nc\u00fc \u015firket konumunda olan AFJET A.\u015e. \u015fehrimizdeki binlerce konuta ve 15 bin yatak kapasiteli termal oteller ile toplam 367 bin 455 metrekarelik 6 adet seran\u0131n \u0131s\u0131t\u0131lmas\u0131 dahil yakla\u015f\u0131k 30 Bin KE yani 3 milyon 34 bin 323 metrekarelik bir alana b\u00f6lgesel \u0131s\u0131tma sa\u011fl\u0131yor. Bunun yan\u0131 s\u0131ra 3 Mvh elektrik \u00fcretimi ile de jeotermal kaynaklar\u0131n entegre kullan\u0131m\u0131na en iyi \u00f6rneklerden biridir. Oteller b\u00f6lgesine kurulacak olan Sa\u011fl\u0131k End\u00fcstri B\u00f6lgesindeki otellerin de \u0131s\u0131tma ve kullan\u0131m sular\u0131 ihtiya\u00e7lar\u0131n\u0131n kar\u015f\u0131lanmas\u0131 da yine AFJET A.\u015e. taraf\u0131ndan sa\u011flanacak. Hal b\u00f6yle olunca bizlerin de \u015fehrimizin marka de\u011feri AFJET A.\u015e\u2019yi gelecek nesillere en iyi \u015fekilde hizmet verir konuma getirmek ve bu minvalde de jeotermal kaynaklar\u0131m\u0131z\u0131 en verimli \u015fekilde kullanmak gayretindeyiz. AFJET A.\u015e.\u2019de jeotermal i\u015fletme faaliyetlerinin tamam\u0131n\u0131n elektrikle \u00e7al\u0131\u015fmas\u0131ndan dolay\u0131, y\u00fcksek elektrik t\u00fcketim miktarlar\u0131n\u0131 minimuma indirebilmek i\u00e7in yeni yat\u0131r\u0131mlar\u0131 \u015firketimize kazand\u0131rmaya devam edece\u011fiz\u201d dedi.<br \/>\n<br \/><img fetchpriority=\"high\" decoding=\"async\" width=\"1200\" height=\"800\" src=\"https:\/\/www.egemtv.com\/wp-content\/uploads\/2025\/01\/afjetin-ges-projesi-hayata-gecirilecek_725848e4d534.jpg\" class=\"attachment-full size-full not-transparent\" alt=\"\" data-has-transparency=\"false\" data-dominant-color=\"5e504a\" style=\"--dominant-color: #5e504a\" \/><\/p>\n","protected":false},"excerpt":{"rendered":"<p>Afyonkarahisar Valisi Do\u00e7. Dr. K\u00fcbra G\u00fcran Yi\u011fitba\u015f\u0131, kent genelinde konut, otel ve sera \u0131s\u0131tmas\u0131nda kullan\u0131lan jeotermal kayna\u011f\u0131n i\u015fletmesini ger\u00e7ekle\u015ftiren AFJET\u2019in Dazk\u0131r\u0131 il\u00e7esinde kurulacak olan G\u00fcne\u015f Enerji Sistemi (GES) projesini hayata ge\u00e7irece\u011fini belirtti. Afyon Jeotermal Elektrik \u00dcretim Tesisleri Turizm Sanayi ve Ticaret A.\u015e. (AFJET) Vali Yi\u011fitba\u015f\u0131\u2019n\u0131n yo\u011fun gayretleri ve giri\u015fimleri ile hayata ge\u00e7irilen yeni yat\u0131r\u0131mlarla kente&#8230;<\/p>\n","protected":false},"author":1,"featured_media":8945,"comment_status":"open","ping_status":"open","sticky":false,"template":"","format":"standard","meta":{"_crdt_document":"","footnotes":""},"categories":[1],"tags":[],"class_list":["post-8944","post","type-post","status-publish","format-standard","has-post-thumbnail","hentry","category-guncel"],"_links":{"self":[{"href":"https:\/\/www.egemtv.com\/index.php?rest_route=\/wp\/v2\/posts\/8944","targetHints":{"allow":["GET"]}}],"collection":[{"href":"https:\/\/www.egemtv.com\/index.php?rest_route=\/wp\/v2\/posts"}],"about":[{"href":"https:\/\/www.egemtv.com\/index.php?rest_route=\/wp\/v2\/types\/post"}],"author":[{"embeddable":true,"href":"https:\/\/www.egemtv.com\/index.php?rest_route=\/wp\/v2\/users\/1"}],"replies":[{"embeddable":true,"href":"https:\/\/www.egemtv.com\/index.php?rest_route=%2Fwp%2Fv2%2Fcomments&post=8944"}],"version-history":[{"count":1,"href":"https:\/\/www.egemtv.com\/index.php?rest_route=\/wp\/v2\/posts\/8944\/revisions"}],"predecessor-version":[{"id":8947,"href":"https:\/\/www.egemtv.com\/index.php?rest_route=\/wp\/v2\/posts\/8944\/revisions\/8947"}],"wp:featuredmedia":[{"embeddable":true,"href":"https:\/\/www.egemtv.com\/index.php?rest_route=\/wp\/v2\/media\/8945"}],"wp:attachment":[{"href":"https:\/\/www.egemtv.com\/index.php?rest_route=%2Fwp%2Fv2%2Fmedia&parent=8944"}],"wp:term":[{"taxonomy":"category","embeddable":true,"href":"https:\/\/www.egemtv.com\/index.php?rest_route=%2Fwp%2Fv2%2Fcategories&post=8944"},{"taxonomy":"post_tag","embeddable":true,"href":"https:\/\/www.egemtv.com\/index.php?rest_route=%2Fwp%2Fv2%2Ftags&post=8944"}],"curies":[{"name":"wp","href":"https:\/\/api.w.org\/{rel}","templated":true}]}}