{"id":89429,"date":"2026-02-21T10:55:06","date_gmt":"2026-02-21T07:55:06","guid":{"rendered":"https:\/\/www.egemtv.com\/?p=89429"},"modified":"2026-02-21T10:55:07","modified_gmt":"2026-02-21T07:55:07","slug":"kalp-seklindeki-patates-ilgi-odagi-oldu","status":"publish","type":"post","link":"https:\/\/www.egemtv.com\/?p=89429","title":{"rendered":"Kalp \u015feklindeki patates ilgi oda\u011f\u0131 oldu"},"content":{"rendered":"<p>Manisa\u2019n\u0131n Sar\u0131g\u00f6l il\u00e7esinde pazardan patates alan bir vatanda\u015f\u0131n se\u00e7ti\u011fi \u00fcr\u00fcnler aras\u0131nda kalp \u015feklindeki patates dikkat \u00e7ekti.<br \/>\n<br \/>Sar\u0131g\u00f6l\u2019de ya\u015fayan Ramazan Karahan, evinin ihtiya\u00e7lar\u0131n\u0131 almak i\u00e7in \u00e7ar\u015f\u0131 pazar\u0131na gitti. Tezgahtaki patatesleri se\u00e7ti\u011fi s\u0131rada olduk\u00e7a iri ve kalp \u015feklinde olan patatesi fark eden Karahan, ilgin\u00e7 \u015fekli nedeniyle onu da di\u011fer patateslerle birlikte sat\u0131n ald\u0131.<br \/>\n<br \/>Karahan, &#8220;Bizim buralara genelde \u00d6demi\u015f patatesi gelir, s\u00fcrekli al\u0131r\u0131z. Zaman zaman b\u00f6yle ilgin\u00e7 \u015fekilli olanlara rastl\u0131yoruz ama olduk\u00e7a nadir oluyor&#8221; dedi.<br \/>\n<br \/>Kalp \u015feklindeki patatesi g\u00f6ren vatanda\u015flar ise meraklar\u0131n\u0131 gidermek i\u00e7in \u00fcr\u00fcn\u00fc yak\u0131ndan inceleyerek foto\u011fraf\u0131n\u0131 \u00e7ekti.<br \/><\/p>\n","protected":false},"excerpt":{"rendered":"<p>Manisa\u2019n\u0131n Sar\u0131g\u00f6l il\u00e7esinde pazardan patates alan bir vatanda\u015f\u0131n se\u00e7ti\u011fi \u00fcr\u00fcnler aras\u0131nda kalp \u015feklindeki patates dikkat \u00e7ekti. Sar\u0131g\u00f6l\u2019de ya\u015fayan Ramazan Karahan, evinin ihtiya\u00e7lar\u0131n\u0131 almak i\u00e7in \u00e7ar\u015f\u0131 pazar\u0131na gitti. Tezgahtaki patatesleri se\u00e7ti\u011fi s\u0131rada olduk\u00e7a iri ve kalp \u015feklinde olan patatesi fark eden Karahan, ilgin\u00e7 \u015fekli nedeniyle onu da di\u011fer patateslerle birlikte sat\u0131n ald\u0131. Karahan, &#8220;Bizim buralara genelde&#8230;<\/p>\n","protected":false},"author":1,"featured_media":89430,"comment_status":"open","ping_status":"open","sticky":false,"template":"","format":"standard","meta":{"_crdt_document":"","footnotes":""},"categories":[1],"tags":[],"class_list":["post-89429","post","type-post","status-publish","format-standard","has-post-thumbnail","hentry","category-guncel"],"_links":{"self":[{"href":"https:\/\/www.egemtv.com\/index.php?rest_route=\/wp\/v2\/posts\/89429","targetHints":{"allow":["GET"]}}],"collection":[{"href":"https:\/\/www.egemtv.com\/index.php?rest_route=\/wp\/v2\/posts"}],"about":[{"href":"https:\/\/www.egemtv.com\/index.php?rest_route=\/wp\/v2\/types\/post"}],"author":[{"embeddable":true,"href":"https:\/\/www.egemtv.com\/index.php?rest_route=\/wp\/v2\/users\/1"}],"replies":[{"embeddable":true,"href":"https:\/\/www.egemtv.com\/index.php?rest_route=%2Fwp%2Fv2%2Fcomments&post=89429"}],"version-history":[{"count":1,"href":"https:\/\/www.egemtv.com\/index.php?rest_route=\/wp\/v2\/posts\/89429\/revisions"}],"predecessor-version":[{"id":89431,"href":"https:\/\/www.egemtv.com\/index.php?rest_route=\/wp\/v2\/posts\/89429\/revisions\/89431"}],"wp:featuredmedia":[{"embeddable":true,"href":"https:\/\/www.egemtv.com\/index.php?rest_route=\/wp\/v2\/media\/89430"}],"wp:attachment":[{"href":"https:\/\/www.egemtv.com\/index.php?rest_route=%2Fwp%2Fv2%2Fmedia&parent=89429"}],"wp:term":[{"taxonomy":"category","embeddable":true,"href":"https:\/\/www.egemtv.com\/index.php?rest_route=%2Fwp%2Fv2%2Fcategories&post=89429"},{"taxonomy":"post_tag","embeddable":true,"href":"https:\/\/www.egemtv.com\/index.php?rest_route=%2Fwp%2Fv2%2Ftags&post=89429"}],"curies":[{"name":"wp","href":"https:\/\/api.w.org\/{rel}","templated":true}]}}